{"id":268037,"date":"2023-11-17T11:50:05","date_gmt":"2023-11-17T10:50:05","guid":{"rendered":"https:\/\/www.evearly.news\/fr\/a-contre-courant-les-alternatives-a-lopel-astra-electric\/"},"modified":"2023-11-17T11:50:05","modified_gmt":"2023-11-17T10:50:05","slug":"a-contre-courant-les-alternatives-a-lopel-astra-electric","status":"publish","type":"post","link":"https:\/\/www.evearly.news\/fr\/a-contre-courant-les-alternatives-a-lopel-astra-electric\/","title":{"rendered":"\u00c0 contre-courant\u00a0: les alternatives \u00e0 l\u2019Opel Astra Electric"},"content":{"rendered":"<p><img decoding=\"async\" src=\"https:\/\/www.evearly.news\/fr\/wp-content\/uploads\/sites\/6\/2023\/11\/a-contre-courant-les-alternatives-a-lopel-astra-electric.jpg\"\/> L\u2019Opel Astra est d\u00e9sormais disponible avec une motorisation 100\u00a0% \u00e9lectrique. Cousine technique de la Peugeot e-308, l\u2019Opel Astra Electric dispose du m\u00eame \u00e9lectromoteur de 156 ch et affiche une autonomie proche des 400\u00a0km. Est-ce suffisant pour un gros rouleur\u00a0? Ce n\u2019est pas du tout \u00e9vident. De m\u00eame qu\u2019un conducteur ne disposant pas d\u2019une possibilit\u00e9 de charge chez lui ou devant effectuer de grands d\u00e9placements ne trouvera pas n\u00e9cessairement judicieux de passer plusieurs dizaines de minutes \u00e0 recharger sa monture. Pour ceux-l\u00e0, la solution thermique existe toujours, et nous avons trois alternatives thermiques pour concurrencer l\u2019Opel Astra Electric. <a href=\"https:\/\/www.caradisiac.com\/a-contre-courant-les-alternatives-a-l-opel-astra-electric-205618.htm#xtor=RSS-40\" target=\"blank\" rel=\"noopener\">Lire la suite&#8230;<\/a><\/p>\n","protected":false},"excerpt":{"rendered":"<p><img decoding=\"async\" src=\"https:\/\/www.evearly.news\/fr\/wp-content\/uploads\/sites\/6\/2023\/11\/a-contre-courant-les-alternatives-a-lopel-astra-electric.jpg\" \/><br \/>\n\t\t\t\t\tL\u2019Opel Astra est d\u00e9sormais disponible avec une motorisation 100\u00a0% \u00e9lectrique. Cousine technique de la Peugeot e-308, l\u2019Opel Astra Electric dispose du m\u00eame \u00e9lectromoteur de 156 ch et affiche une autonomie proche des 400\u00a0km. Est-ce suffisant pour un gros rouleur\u00a0? Ce n\u2019est pas du tout \u00e9vident. De m\u00eame qu\u2019un conducteur ne disposant pas d\u2019une possibilit\u00e9 de charge chez lui ou devant effectuer de grands d\u00e9placements ne trouvera pas n\u00e9cessairement judicieux de passer plusieurs dizaines de minutes \u00e0 recharger sa monture. Pour ceux-l\u00e0, la solution thermique existe toujours, et nous avons trois alternatives thermiques pour concurrencer l\u2019Opel Astra Electric.<\/p>\n<p> <a class=\"continue-reading-link\" href=\"https:\/\/www.evearly.news\/fr\/a-contre-courant-les-alternatives-a-lopel-astra-electric\/\"><\/a><\/p>\n","protected":false},"author":11,"featured_media":268038,"comment_status":"closed","ping_status":"open","sticky":false,"template":"Default","format":"standard","meta":{"footnotes":""},"categories":[11],"tags":[],"class_list":["post-268037","post","type-post","status-publish","format-standard","has-post-thumbnail","hentry","category-caradisiac"],"_links":{"self":[{"href":"https:\/\/www.evearly.news\/fr\/wp-json\/wp\/v2\/posts\/268037","targetHints":{"allow":["GET"]}}],"collection":[{"href":"https:\/\/www.evearly.news\/fr\/wp-json\/wp\/v2\/posts"}],"about":[{"href":"https:\/\/www.evearly.news\/fr\/wp-json\/wp\/v2\/types\/post"}],"author":[{"embeddable":true,"href":"https:\/\/www.evearly.news\/fr\/wp-json\/wp\/v2\/users\/11"}],"replies":[{"embeddable":true,"href":"https:\/\/www.evearly.news\/fr\/wp-json\/wp\/v2\/comments?post=268037"}],"version-history":[{"count":0,"href":"https:\/\/www.evearly.news\/fr\/wp-json\/wp\/v2\/posts\/268037\/revisions"}],"wp:featuredmedia":[{"embeddable":true,"href":"https:\/\/www.evearly.news\/fr\/wp-json\/wp\/v2\/media\/268038"}],"wp:attachment":[{"href":"https:\/\/www.evearly.news\/fr\/wp-json\/wp\/v2\/media?parent=268037"}],"wp:term":[{"taxonomy":"category","embeddable":true,"href":"https:\/\/www.evearly.news\/fr\/wp-json\/wp\/v2\/categories?post=268037"},{"taxonomy":"post_tag","embeddable":true,"href":"https:\/\/www.evearly.news\/fr\/wp-json\/wp\/v2\/tags?post=268037"}],"curies":[{"name":"wp","href":"https:\/\/api.w.org\/{rel}","templated":true}]}}