{"id":269202,"date":"2023-12-04T15:51:14","date_gmt":"2023-12-04T14:51:14","guid":{"rendered":"https:\/\/www.evearly.news\/fr\/toyota-sport-crossover-concept-la-e-408-de-toyota-est-prevue-pour-2025\/"},"modified":"2023-12-04T15:51:14","modified_gmt":"2023-12-04T14:51:14","slug":"toyota-sport-crossover-concept-la-e-408-de-toyota-est-prevue-pour-2025","status":"publish","type":"post","link":"https:\/\/www.evearly.news\/fr\/toyota-sport-crossover-concept-la-e-408-de-toyota-est-prevue-pour-2025\/","title":{"rendered":"Toyota Sport Crossover Concept : la \u201ce-408\u201d de Toyota est pr\u00e9vue pour 2025"},"content":{"rendered":"<div class=\"media_block\"><img decoding=\"async\" src=\"https:\/\/www.evearly.news\/fr\/wp-content\/uploads\/sites\/6\/2023\/12\/toyota-sport-crossover-concept-la-e-408-de-toyota-est-prevue-pour-2025.jpg\"><\/div>\n<p>Pr\u00e9sent\u00e9 en jaune au salon de Shanghai, en avril dernier, le prototype Toyota Sport Crossover Concept est arriv\u00e9 en Europe laqu\u00e9 de grisMi berline, mi coup\u00e9, un peu haut perch\u00e9, il incarne la familiale r\u00e9invent\u00e9e\u00a0 <a href=\"https:\/\/www.automobile-magazine.fr\/nouveautes\/article\/41070-toyota-sport-crossover-concept-la-e-408-de-toyota-est-prevue-pour-2025\" target=\"bwindow\" rel=\"noopener\">Lire la suite&#8230;<\/a><\/p>\n","protected":false},"excerpt":{"rendered":"<div class=\"media_block\"><img decoding=\"async\" src=\"https:\/\/www.evearly.news\/fr\/wp-content\/uploads\/sites\/6\/2023\/12\/toyota-sport-crossover-concept-la-e-408-de-toyota-est-prevue-pour-2025.jpg\"><\/div>\n<p> <a class=\"continue-reading-link\" href=\"https:\/\/www.evearly.news\/fr\/toyota-sport-crossover-concept-la-e-408-de-toyota-est-prevue-pour-2025\/\"><\/a><\/p>\n","protected":false},"author":7,"featured_media":269203,"comment_status":"closed","ping_status":"open","sticky":false,"template":"Default","format":"standard","meta":{"footnotes":""},"categories":[7],"tags":[],"class_list":["post-269202","post","type-post","status-publish","format-standard","has-post-thumbnail","hentry","category-automobile-magazine"],"_links":{"self":[{"href":"https:\/\/www.evearly.news\/fr\/wp-json\/wp\/v2\/posts\/269202","targetHints":{"allow":["GET"]}}],"collection":[{"href":"https:\/\/www.evearly.news\/fr\/wp-json\/wp\/v2\/posts"}],"about":[{"href":"https:\/\/www.evearly.news\/fr\/wp-json\/wp\/v2\/types\/post"}],"author":[{"embeddable":true,"href":"https:\/\/www.evearly.news\/fr\/wp-json\/wp\/v2\/users\/7"}],"replies":[{"embeddable":true,"href":"https:\/\/www.evearly.news\/fr\/wp-json\/wp\/v2\/comments?post=269202"}],"version-history":[{"count":0,"href":"https:\/\/www.evearly.news\/fr\/wp-json\/wp\/v2\/posts\/269202\/revisions"}],"wp:featuredmedia":[{"embeddable":true,"href":"https:\/\/www.evearly.news\/fr\/wp-json\/wp\/v2\/media\/269203"}],"wp:attachment":[{"href":"https:\/\/www.evearly.news\/fr\/wp-json\/wp\/v2\/media?parent=269202"}],"wp:term":[{"taxonomy":"category","embeddable":true,"href":"https:\/\/www.evearly.news\/fr\/wp-json\/wp\/v2\/categories?post=269202"},{"taxonomy":"post_tag","embeddable":true,"href":"https:\/\/www.evearly.news\/fr\/wp-json\/wp\/v2\/tags?post=269202"}],"curies":[{"name":"wp","href":"https:\/\/api.w.org\/{rel}","templated":true}]}}