{"id":269212,"date":"2023-12-04T17:51:29","date_gmt":"2023-12-04T16:51:29","guid":{"rendered":"https:\/\/www.evearly.news\/fr\/projet-voltavia-on-ajoute-3-equipements-indispensables-a-notre-skoda-avant-la-confrontation-avec-turbo\/"},"modified":"2023-12-04T17:51:29","modified_gmt":"2023-12-04T16:51:29","slug":"projet-voltavia-on-ajoute-3-equipements-indispensables-a-notre-skoda-avant-la-confrontation-avec-turbo","status":"publish","type":"post","link":"https:\/\/www.evearly.news\/fr\/projet-voltavia-on-ajoute-3-equipements-indispensables-a-notre-skoda-avant-la-confrontation-avec-turbo\/","title":{"rendered":"Projet Voltavia \u2013 On ajoute 3 \u00e9quipements indispensables \u00e0 notre Skoda avant la confrontation avec Turbo !"},"content":{"rendered":"<p><img decoding=\"async\" width=\"500\" height=\"333\" src=\"https:\/\/www.evearly.news\/fr\/wp-content\/uploads\/sites\/6\/2023\/12\/projet-voltavia-on-ajoute-3-equipements-indispensables-a-notre-skoda-avant-la-confrontation-avec-turbo.jpg\" class=\"attachment-1200x800 size-1200x800 wp-post-image\" alt=\"\" loading=\"lazy\" srcset=\"https:\/\/www.evearly.news\/fr\/wp-content\/uploads\/sites\/6\/2023\/12\/projet-voltavia-on-ajoute-3-equipements-indispensables-a-notre-skoda-avant-la-confrontation-avec-turbo.jpg 1600w, https:\/\/www.evearly.news\/fr\/wp-content\/uploads\/sites\/6\/2023\/12\/projet-voltavia-on-ajoute-3-equipements-indispensables-a-notre-skoda-avant-la-confrontation-avec-turbo-1.jpg 1024w, https:\/\/www.evearly.news\/fr\/wp-content\/uploads\/sites\/6\/2023\/12\/projet-voltavia-on-ajoute-3-equipements-indispensables-a-notre-skoda-avant-la-confrontation-avec-turbo-2.jpg 768w, https:\/\/www.evearly.news\/fr\/wp-content\/uploads\/sites\/6\/2023\/12\/projet-voltavia-on-ajoute-3-equipements-indispensables-a-notre-skoda-avant-la-confrontation-avec-turbo-3.jpg 1536w, https:\/\/cdn.automobile-propre.com\/uploads\/2023\/12\/4_3-551x413.jpg 551w\" sizes=\"auto, (max-width: 1067px) 100vw, 1067px\"><br \/>\nNotre projet de r\u00e9trofit sur base de Skoda Octavia Combi de 1969 touche \u00e0 sa fin : la m\u00e9canique est\u2026\u00a0<a href=\"https:\/\/www.automobile-propre.com\/projet-voltavia-on-ajoute-3-equipements-indispensables-a-notre-skoda-avant-la-confrontation-avec-turbo\/\" target=\"bwindow\" rel=\"noopener\">Lire la suite&#8230;<\/a><\/p>\n","protected":false},"excerpt":{"rendered":"<p>&#8230; <a class=\"continue-reading-link\" href=\"https:\/\/www.evearly.news\/fr\/projet-voltavia-on-ajoute-3-equipements-indispensables-a-notre-skoda-avant-la-confrontation-avec-turbo\/\"><\/a><\/p>\n","protected":false},"author":8,"featured_media":269213,"comment_status":"closed","ping_status":"open","sticky":false,"template":"Default","format":"standard","meta":{"footnotes":""},"categories":[8],"tags":[],"class_list":["post-269212","post","type-post","status-publish","format-standard","has-post-thumbnail","hentry","category-automobile-propre"],"_links":{"self":[{"href":"https:\/\/www.evearly.news\/fr\/wp-json\/wp\/v2\/posts\/269212","targetHints":{"allow":["GET"]}}],"collection":[{"href":"https:\/\/www.evearly.news\/fr\/wp-json\/wp\/v2\/posts"}],"about":[{"href":"https:\/\/www.evearly.news\/fr\/wp-json\/wp\/v2\/types\/post"}],"author":[{"embeddable":true,"href":"https:\/\/www.evearly.news\/fr\/wp-json\/wp\/v2\/users\/8"}],"replies":[{"embeddable":true,"href":"https:\/\/www.evearly.news\/fr\/wp-json\/wp\/v2\/comments?post=269212"}],"version-history":[{"count":0,"href":"https:\/\/www.evearly.news\/fr\/wp-json\/wp\/v2\/posts\/269212\/revisions"}],"wp:featuredmedia":[{"embeddable":true,"href":"https:\/\/www.evearly.news\/fr\/wp-json\/wp\/v2\/media\/269213"}],"wp:attachment":[{"href":"https:\/\/www.evearly.news\/fr\/wp-json\/wp\/v2\/media?parent=269212"}],"wp:term":[{"taxonomy":"category","embeddable":true,"href":"https:\/\/www.evearly.news\/fr\/wp-json\/wp\/v2\/categories?post=269212"},{"taxonomy":"post_tag","embeddable":true,"href":"https:\/\/www.evearly.news\/fr\/wp-json\/wp\/v2\/tags?post=269212"}],"curies":[{"name":"wp","href":"https:\/\/api.w.org\/{rel}","templated":true}]}}