{"id":270627,"date":"2023-12-11T16:51:29","date_gmt":"2023-12-11T15:51:29","guid":{"rendered":"https:\/\/www.evearly.news\/fr\/bornes-de-recharge-dans-les-coproprietes-un-nouveau-reseau-pour-faciliter-les-installations\/"},"modified":"2023-12-11T16:51:29","modified_gmt":"2023-12-11T15:51:29","slug":"bornes-de-recharge-dans-les-coproprietes-un-nouveau-reseau-pour-faciliter-les-installations","status":"publish","type":"post","link":"https:\/\/www.evearly.news\/fr\/bornes-de-recharge-dans-les-coproprietes-un-nouveau-reseau-pour-faciliter-les-installations\/","title":{"rendered":"Bornes de recharge dans les copropri\u00e9t\u00e9s : un nouveau r\u00e9seau pour faciliter les installations"},"content":{"rendered":"<p><img decoding=\"async\" width=\"500\" height=\"333\" src=\"https:\/\/www.evearly.news\/fr\/wp-content\/uploads\/sites\/6\/2023\/12\/bornes-de-recharge-dans-les-coproprietes-un-nouveau-reseau-pour-faciliter-les-installations.jpg\" class=\"attachment-1200x800 size-1200x800 wp-post-image\" alt=\"\" loading=\"lazy\" srcset=\"https:\/\/www.evearly.news\/fr\/wp-content\/uploads\/sites\/6\/2023\/12\/bornes-de-recharge-dans-les-coproprietes-un-nouveau-reseau-pour-faciliter-les-installations.jpg 1200w, https:\/\/www.evearly.news\/fr\/wp-content\/uploads\/sites\/6\/2023\/12\/bornes-de-recharge-dans-les-coproprietes-un-nouveau-reseau-pour-faciliter-les-installations-1.jpg 1024w, https:\/\/www.evearly.news\/fr\/wp-content\/uploads\/sites\/6\/2023\/12\/bornes-de-recharge-dans-les-coproprietes-un-nouveau-reseau-pour-faciliter-les-installations-2.jpg 768w, https:\/\/cdn.automobile-propre.com\/uploads\/2023\/12\/Michaud-borne-recharge-parking-interieur-551x413.jpg 551w\" sizes=\"auto, (max-width: 1067px) 100vw, 1067px\"><br \/>\nL\u2019entreprise Michaud cre\u0301e le re\u0301seau national d\u2019installateurs \u201c100 Pour 100 Elec\u201d, pour faciliter le de\u0301ploiement de la recharge dans les\u2026\u00a0<a href=\"https:\/\/www.automobile-propre.com\/bornes-de-recharge-dans-les-coproprietes-un-nouveau-reseau-pour-faciliter-les-installations\/\" target=\"bwindow\" rel=\"noopener\">Lire la suite&#8230;<\/a><\/p>\n","protected":false},"excerpt":{"rendered":"<p>&#8230; <a class=\"continue-reading-link\" href=\"https:\/\/www.evearly.news\/fr\/bornes-de-recharge-dans-les-coproprietes-un-nouveau-reseau-pour-faciliter-les-installations\/\"><\/a><\/p>\n","protected":false},"author":8,"featured_media":270628,"comment_status":"closed","ping_status":"open","sticky":false,"template":"Default","format":"standard","meta":{"footnotes":""},"categories":[8],"tags":[],"class_list":["post-270627","post","type-post","status-publish","format-standard","has-post-thumbnail","hentry","category-automobile-propre"],"_links":{"self":[{"href":"https:\/\/www.evearly.news\/fr\/wp-json\/wp\/v2\/posts\/270627","targetHints":{"allow":["GET"]}}],"collection":[{"href":"https:\/\/www.evearly.news\/fr\/wp-json\/wp\/v2\/posts"}],"about":[{"href":"https:\/\/www.evearly.news\/fr\/wp-json\/wp\/v2\/types\/post"}],"author":[{"embeddable":true,"href":"https:\/\/www.evearly.news\/fr\/wp-json\/wp\/v2\/users\/8"}],"replies":[{"embeddable":true,"href":"https:\/\/www.evearly.news\/fr\/wp-json\/wp\/v2\/comments?post=270627"}],"version-history":[{"count":0,"href":"https:\/\/www.evearly.news\/fr\/wp-json\/wp\/v2\/posts\/270627\/revisions"}],"wp:featuredmedia":[{"embeddable":true,"href":"https:\/\/www.evearly.news\/fr\/wp-json\/wp\/v2\/media\/270628"}],"wp:attachment":[{"href":"https:\/\/www.evearly.news\/fr\/wp-json\/wp\/v2\/media?parent=270627"}],"wp:term":[{"taxonomy":"category","embeddable":true,"href":"https:\/\/www.evearly.news\/fr\/wp-json\/wp\/v2\/categories?post=270627"},{"taxonomy":"post_tag","embeddable":true,"href":"https:\/\/www.evearly.news\/fr\/wp-json\/wp\/v2\/tags?post=270627"}],"curies":[{"name":"wp","href":"https:\/\/api.w.org\/{rel}","templated":true}]}}