{"id":270639,"date":"2023-12-11T17:54:52","date_gmt":"2023-12-11T16:54:52","guid":{"rendered":"https:\/\/www.evearly.news\/fr\/renault-et-volkswagen-pourraient-construire-ensemble-la-voiture-electrique-la-moins-chere-deurope\/"},"modified":"2023-12-11T17:54:52","modified_gmt":"2023-12-11T16:54:52","slug":"renault-et-volkswagen-pourraient-construire-ensemble-la-voiture-electrique-la-moins-chere-deurope","status":"publish","type":"post","link":"https:\/\/www.evearly.news\/fr\/renault-et-volkswagen-pourraient-construire-ensemble-la-voiture-electrique-la-moins-chere-deurope\/","title":{"rendered":"Renault et Volkswagen pourraient construire ensemble la voiture \u00e9lectrique la moins ch\u00e8re d\u2019Europe"},"content":{"rendered":"<p><img decoding=\"async\" src=\"https:\/\/www.evearly.news\/fr\/wp-content\/uploads\/sites\/6\/2023\/12\/renault-et-volkswagen-pourraient-construire-ensemble-la-voiture-electrique-la-moins-chere-deurope.jpg\"><br \/>Volkswagen et Renault envisagent une collaboration pour cr\u00e9er l&rsquo;un des v\u00e9hicules \u00e9lectriques les plus abordables du march\u00e9. Un pas de plus dans l&rsquo;accessibilit\u00e9 des mod\u00e8les \u00e9lectriques ? L&rsquo;industrie automobile est-elle sur le point de vivre une r\u00e9volution avec l&rsquo;annonce d&rsquo;une&#8230; <a href=\"https:\/\/www.phonandroid.com\/renault-et-volkswagen-pourraient-construire-ensemble-la-voiture-electrique-la-moins-chere-deurope.html\" target=\"blank\" rel=\"noopener\">Lire la suite&#8230;<\/a><\/p>\n","protected":false},"excerpt":{"rendered":"<p>Volkswagen et Renault envisagent une collaboration pour cr\u00e9er l&rsquo;un des v\u00e9hicules \u00e9lectriques les plus abordables du march\u00e9. Un pas de plus dans l&rsquo;accessibilit\u00e9 des mod\u00e8les \u00e9lectriques ? L&rsquo;industrie automobile est-elle sur le point de vivre une r\u00e9volution avec l&rsquo;annonce d&rsquo;une&#8230;&#8230; <a class=\"continue-reading-link\" href=\"https:\/\/www.evearly.news\/fr\/renault-et-volkswagen-pourraient-construire-ensemble-la-voiture-electrique-la-moins-chere-deurope\/\"><\/a><\/p>\n","protected":false},"author":17,"featured_media":270640,"comment_status":"closed","ping_status":"open","sticky":false,"template":"Default","format":"standard","meta":{"footnotes":""},"categories":[18],"tags":[],"class_list":["post-270639","post","type-post","status-publish","format-standard","has-post-thumbnail","hentry","category-phonandroid"],"_links":{"self":[{"href":"https:\/\/www.evearly.news\/fr\/wp-json\/wp\/v2\/posts\/270639","targetHints":{"allow":["GET"]}}],"collection":[{"href":"https:\/\/www.evearly.news\/fr\/wp-json\/wp\/v2\/posts"}],"about":[{"href":"https:\/\/www.evearly.news\/fr\/wp-json\/wp\/v2\/types\/post"}],"author":[{"embeddable":true,"href":"https:\/\/www.evearly.news\/fr\/wp-json\/wp\/v2\/users\/17"}],"replies":[{"embeddable":true,"href":"https:\/\/www.evearly.news\/fr\/wp-json\/wp\/v2\/comments?post=270639"}],"version-history":[{"count":0,"href":"https:\/\/www.evearly.news\/fr\/wp-json\/wp\/v2\/posts\/270639\/revisions"}],"wp:featuredmedia":[{"embeddable":true,"href":"https:\/\/www.evearly.news\/fr\/wp-json\/wp\/v2\/media\/270640"}],"wp:attachment":[{"href":"https:\/\/www.evearly.news\/fr\/wp-json\/wp\/v2\/media?parent=270639"}],"wp:term":[{"taxonomy":"category","embeddable":true,"href":"https:\/\/www.evearly.news\/fr\/wp-json\/wp\/v2\/categories?post=270639"},{"taxonomy":"post_tag","embeddable":true,"href":"https:\/\/www.evearly.news\/fr\/wp-json\/wp\/v2\/tags?post=270639"}],"curies":[{"name":"wp","href":"https:\/\/api.w.org\/{rel}","templated":true}]}}