{"id":270711,"date":"2023-12-13T09:20:47","date_gmt":"2023-12-13T08:20:47","guid":{"rendered":"https:\/\/www.evearly.news\/fr\/le-robot-delon-musk-qui-doit-fabriquer-des-tesla-progresse-dans-un-domaine-crucial\/"},"modified":"2023-12-13T09:20:47","modified_gmt":"2023-12-13T08:20:47","slug":"le-robot-delon-musk-qui-doit-fabriquer-des-tesla-progresse-dans-un-domaine-crucial","status":"publish","type":"post","link":"https:\/\/www.evearly.news\/fr\/le-robot-delon-musk-qui-doit-fabriquer-des-tesla-progresse-dans-un-domaine-crucial\/","title":{"rendered":"Le robot d\u2019Elon Musk qui doit fabriquer des Tesla progresse dans un domaine crucial"},"content":{"rendered":"<p><img loading=\"lazy\" decoding=\"async\" width=\"500\" height=\"333\" src=\"https:\/\/www.evearly.news\/fr\/wp-content\/uploads\/sites\/6\/2023\/12\/le-robot-delon-musk-qui-doit-fabriquer-des-tesla-progresse-dans-un-domaine-crucial.jpg\" class=\"attachment-1200x800 size-1200x800 wp-post-image\" alt=\"\" srcset=\"https:\/\/www.evearly.news\/fr\/wp-content\/uploads\/sites\/6\/2023\/12\/le-robot-delon-musk-qui-doit-fabriquer-des-tesla-progresse-dans-un-domaine-crucial.jpg 2000w, https:\/\/www.evearly.news\/fr\/wp-content\/uploads\/sites\/6\/2023\/12\/le-robot-delon-musk-qui-doit-fabriquer-des-tesla-progresse-dans-un-domaine-crucial-1.jpg 1640w, https:\/\/www.evearly.news\/fr\/wp-content\/uploads\/sites\/6\/2023\/12\/le-robot-delon-musk-qui-doit-fabriquer-des-tesla-progresse-dans-un-domaine-crucial-2.jpg 1024w, https:\/\/www.evearly.news\/fr\/wp-content\/uploads\/sites\/6\/2023\/12\/le-robot-delon-musk-qui-doit-fabriquer-des-tesla-progresse-dans-un-domaine-crucial-3.jpg 768w, https:\/\/www.evearly.news\/fr\/wp-content\/uploads\/sites\/6\/2023\/12\/le-robot-delon-musk-qui-doit-fabriquer-des-tesla-progresse-dans-un-domaine-crucial-4.jpg 1536w, https:\/\/cdn.automobile-propre.com\/uploads\/2023\/12\/Tesla-optimus-551x413.jpg 551w\" sizes=\"auto, (max-width: 1067px) 100vw, 1067px\"><br \/>\nAnnonc\u00e9 lors de l\u2019AI Day en septembre 2021, Optimus, le robot humano\u00efde de Tesla n\u2019a cess\u00e9 d\u2019\u00e9voluer depuis. Dans une vid\u00e9o publi\u00e9e sur X, Elon Musk a lev\u00e9 le voile sur sa derni\u00e8re version qui montre les progr\u00e8s r\u00e9alis\u00e9s.\u00a0<a href=\"https:\/\/www.automobile-propre.com\/robot-elon-musk-fabriquer-des-tesla\/\" target=\"bwindow\" rel=\"noopener\">Lire la suite&#8230;<\/a><\/p>\n","protected":false},"excerpt":{"rendered":"<p>&#8230; <a class=\"continue-reading-link\" href=\"https:\/\/www.evearly.news\/fr\/le-robot-delon-musk-qui-doit-fabriquer-des-tesla-progresse-dans-un-domaine-crucial\/\"><\/a><\/p>\n","protected":false},"author":8,"featured_media":270712,"comment_status":"closed","ping_status":"open","sticky":false,"template":"Default","format":"standard","meta":{"footnotes":""},"categories":[8],"tags":[],"class_list":["post-270711","post","type-post","status-publish","format-standard","has-post-thumbnail","hentry","category-automobile-propre"],"_links":{"self":[{"href":"https:\/\/www.evearly.news\/fr\/wp-json\/wp\/v2\/posts\/270711","targetHints":{"allow":["GET"]}}],"collection":[{"href":"https:\/\/www.evearly.news\/fr\/wp-json\/wp\/v2\/posts"}],"about":[{"href":"https:\/\/www.evearly.news\/fr\/wp-json\/wp\/v2\/types\/post"}],"author":[{"embeddable":true,"href":"https:\/\/www.evearly.news\/fr\/wp-json\/wp\/v2\/users\/8"}],"replies":[{"embeddable":true,"href":"https:\/\/www.evearly.news\/fr\/wp-json\/wp\/v2\/comments?post=270711"}],"version-history":[{"count":0,"href":"https:\/\/www.evearly.news\/fr\/wp-json\/wp\/v2\/posts\/270711\/revisions"}],"wp:featuredmedia":[{"embeddable":true,"href":"https:\/\/www.evearly.news\/fr\/wp-json\/wp\/v2\/media\/270712"}],"wp:attachment":[{"href":"https:\/\/www.evearly.news\/fr\/wp-json\/wp\/v2\/media?parent=270711"}],"wp:term":[{"taxonomy":"category","embeddable":true,"href":"https:\/\/www.evearly.news\/fr\/wp-json\/wp\/v2\/categories?post=270711"},{"taxonomy":"post_tag","embeddable":true,"href":"https:\/\/www.evearly.news\/fr\/wp-json\/wp\/v2\/tags?post=270711"}],"curies":[{"name":"wp","href":"https:\/\/api.w.org\/{rel}","templated":true}]}}