{"id":270731,"date":"2023-12-13T13:22:19","date_gmt":"2023-12-13T12:22:19","guid":{"rendered":"https:\/\/www.evearly.news\/fr\/nouvelle-citroen-e-c3-deja-10-000-reservations-pour-la-future-citadine-electrique\/"},"modified":"2023-12-13T13:22:19","modified_gmt":"2023-12-13T12:22:19","slug":"nouvelle-citroen-e-c3-deja-10-000-reservations-pour-la-future-citadine-electrique","status":"publish","type":"post","link":"https:\/\/www.evearly.news\/fr\/nouvelle-citroen-e-c3-deja-10-000-reservations-pour-la-future-citadine-electrique\/","title":{"rendered":"Nouvelle Citro\u00ebn \u00eb-C3 : d\u00e9j\u00e0 10 000 r\u00e9servations pour la future citadine \u00e9lectrique"},"content":{"rendered":"<div class=\"media_block\"><img decoding=\"async\" src=\"https:\/\/www.evearly.news\/fr\/wp-content\/uploads\/sites\/6\/2023\/12\/nouvelle-citroen-e-c3-deja-10-000-reservations-pour-la-future-citadine-electrique.jpg\"><\/div>\n<p>La quatri\u00e8me mouture de la Citro\u00ebn C3 sera livrable en thermique comme en \u00e9lectrique. C&rsquo;est d&rsquo;ailleurs sur la version sur prise que la marque \u00e0 mis l&rsquo;accent. Cette rivale de la Dacia Spring a d\u00e9j\u00e0 s\u00e9duit 10 000 clients.  <a href=\"https:\/\/www.automobile-magazine.fr\/toute-l-actualite\/article\/41196-nouvelle-citroen-e-c3-deja-10-000-reservations-pour-la-future-citadine-electrique\" target=\"bwindow\" rel=\"noopener\">Lire la suite&#8230;<\/a><\/p>\n","protected":false},"excerpt":{"rendered":"<div class=\"media_block\"><img decoding=\"async\" src=\"https:\/\/www.evearly.news\/fr\/wp-content\/uploads\/sites\/6\/2023\/12\/nouvelle-citroen-e-c3-deja-10-000-reservations-pour-la-future-citadine-electrique.jpg\"><\/div>\n<p> <a class=\"continue-reading-link\" href=\"https:\/\/www.evearly.news\/fr\/nouvelle-citroen-e-c3-deja-10-000-reservations-pour-la-future-citadine-electrique\/\"><\/a><\/p>\n","protected":false},"author":7,"featured_media":270732,"comment_status":"closed","ping_status":"open","sticky":false,"template":"Default","format":"standard","meta":{"footnotes":""},"categories":[7],"tags":[],"class_list":["post-270731","post","type-post","status-publish","format-standard","has-post-thumbnail","hentry","category-automobile-magazine"],"_links":{"self":[{"href":"https:\/\/www.evearly.news\/fr\/wp-json\/wp\/v2\/posts\/270731","targetHints":{"allow":["GET"]}}],"collection":[{"href":"https:\/\/www.evearly.news\/fr\/wp-json\/wp\/v2\/posts"}],"about":[{"href":"https:\/\/www.evearly.news\/fr\/wp-json\/wp\/v2\/types\/post"}],"author":[{"embeddable":true,"href":"https:\/\/www.evearly.news\/fr\/wp-json\/wp\/v2\/users\/7"}],"replies":[{"embeddable":true,"href":"https:\/\/www.evearly.news\/fr\/wp-json\/wp\/v2\/comments?post=270731"}],"version-history":[{"count":0,"href":"https:\/\/www.evearly.news\/fr\/wp-json\/wp\/v2\/posts\/270731\/revisions"}],"wp:featuredmedia":[{"embeddable":true,"href":"https:\/\/www.evearly.news\/fr\/wp-json\/wp\/v2\/media\/270732"}],"wp:attachment":[{"href":"https:\/\/www.evearly.news\/fr\/wp-json\/wp\/v2\/media?parent=270731"}],"wp:term":[{"taxonomy":"category","embeddable":true,"href":"https:\/\/www.evearly.news\/fr\/wp-json\/wp\/v2\/categories?post=270731"},{"taxonomy":"post_tag","embeddable":true,"href":"https:\/\/www.evearly.news\/fr\/wp-json\/wp\/v2\/tags?post=270731"}],"curies":[{"name":"wp","href":"https:\/\/api.w.org\/{rel}","templated":true}]}}