{"id":270735,"date":"2023-12-13T13:50:50","date_gmt":"2023-12-13T12:50:50","guid":{"rendered":"https:\/\/www.evearly.news\/fr\/le-prochain-volkswagen-transporter-electrique-sera-le-cousin-du-ford-e-transit\/"},"modified":"2023-12-13T13:50:50","modified_gmt":"2023-12-13T12:50:50","slug":"le-prochain-volkswagen-transporter-electrique-sera-le-cousin-du-ford-e-transit","status":"publish","type":"post","link":"https:\/\/www.evearly.news\/fr\/le-prochain-volkswagen-transporter-electrique-sera-le-cousin-du-ford-e-transit\/","title":{"rendered":"Le prochain Volkswagen Transporter \u00e9lectrique sera le cousin du Ford e-Transit"},"content":{"rendered":"<p><img decoding=\"async\" width=\"500\" height=\"333\" src=\"https:\/\/www.evearly.news\/fr\/wp-content\/uploads\/sites\/6\/2023\/12\/le-prochain-volkswagen-transporter-electrique-sera-le-cousin-du-ford-e-transit.jpg\" class=\"attachment-1200x800 size-1200x800 wp-post-image\" alt=\"Volkswagen Transporter\" loading=\"lazy\" srcset=\"https:\/\/www.evearly.news\/fr\/wp-content\/uploads\/sites\/6\/2023\/12\/le-prochain-volkswagen-transporter-electrique-sera-le-cousin-du-ford-e-transit.jpg 1200w, https:\/\/www.evearly.news\/fr\/wp-content\/uploads\/sites\/6\/2023\/12\/le-prochain-volkswagen-transporter-electrique-sera-le-cousin-du-ford-e-transit-1.jpg 1024w, https:\/\/www.evearly.news\/fr\/wp-content\/uploads\/sites\/6\/2023\/12\/le-prochain-volkswagen-transporter-electrique-sera-le-cousin-du-ford-e-transit-2.jpg 140w, https:\/\/www.evearly.news\/fr\/wp-content\/uploads\/sites\/6\/2023\/12\/le-prochain-volkswagen-transporter-electrique-sera-le-cousin-du-ford-e-transit-3.jpg 768w, https:\/\/www.evearly.news\/fr\/wp-content\/uploads\/sites\/6\/2023\/12\/le-prochain-volkswagen-transporter-electrique-sera-le-cousin-du-ford-e-transit-4.jpg 620w, https:\/\/www.evearly.news\/fr\/wp-content\/uploads\/sites\/6\/2023\/12\/le-prochain-volkswagen-transporter-electrique-sera-le-cousin-du-ford-e-transit-5.jpg 100w, https:\/\/www.evearly.news\/fr\/wp-content\/uploads\/sites\/6\/2023\/12\/le-prochain-volkswagen-transporter-electrique-sera-le-cousin-du-ford-e-transit-6.jpg 190w, https:\/\/cdn.automobile-propre.com\/uploads\/2023\/12\/Volkswagen-transporter-T7-proto-600x400.jpg 600w\" sizes=\"auto, (max-width: 1200px) 100vw, 1200px\"><br \/>\nAlors que la marque allemande a d\u00e9j\u00e0 lanc\u00e9 le Multivan avec un moteur hybride rechargeable, et le d\u00e9j\u00e0 c\u00e9l\u00e8bre ID.\u2026\u00a0<a href=\"https:\/\/www.automobile-propre.com\/breves\/le-prochain-volkswagen-transporter-electrique-sera-le-cousin-du-ford-e-transit\/\" target=\"bwindow\" rel=\"noopener\">Lire la suite&#8230;<\/a><\/p>\n","protected":false},"excerpt":{"rendered":"<p>&#8230; <a class=\"continue-reading-link\" href=\"https:\/\/www.evearly.news\/fr\/le-prochain-volkswagen-transporter-electrique-sera-le-cousin-du-ford-e-transit\/\"><\/a><\/p>\n","protected":false},"author":8,"featured_media":270736,"comment_status":"closed","ping_status":"open","sticky":false,"template":"Default","format":"standard","meta":{"footnotes":""},"categories":[8],"tags":[],"class_list":["post-270735","post","type-post","status-publish","format-standard","has-post-thumbnail","hentry","category-automobile-propre"],"_links":{"self":[{"href":"https:\/\/www.evearly.news\/fr\/wp-json\/wp\/v2\/posts\/270735","targetHints":{"allow":["GET"]}}],"collection":[{"href":"https:\/\/www.evearly.news\/fr\/wp-json\/wp\/v2\/posts"}],"about":[{"href":"https:\/\/www.evearly.news\/fr\/wp-json\/wp\/v2\/types\/post"}],"author":[{"embeddable":true,"href":"https:\/\/www.evearly.news\/fr\/wp-json\/wp\/v2\/users\/8"}],"replies":[{"embeddable":true,"href":"https:\/\/www.evearly.news\/fr\/wp-json\/wp\/v2\/comments?post=270735"}],"version-history":[{"count":0,"href":"https:\/\/www.evearly.news\/fr\/wp-json\/wp\/v2\/posts\/270735\/revisions"}],"wp:featuredmedia":[{"embeddable":true,"href":"https:\/\/www.evearly.news\/fr\/wp-json\/wp\/v2\/media\/270736"}],"wp:attachment":[{"href":"https:\/\/www.evearly.news\/fr\/wp-json\/wp\/v2\/media?parent=270735"}],"wp:term":[{"taxonomy":"category","embeddable":true,"href":"https:\/\/www.evearly.news\/fr\/wp-json\/wp\/v2\/categories?post=270735"},{"taxonomy":"post_tag","embeddable":true,"href":"https:\/\/www.evearly.news\/fr\/wp-json\/wp\/v2\/tags?post=270735"}],"curies":[{"name":"wp","href":"https:\/\/api.w.org\/{rel}","templated":true}]}}