{"id":270743,"date":"2023-12-13T17:20:06","date_gmt":"2023-12-13T16:20:06","guid":{"rendered":"https:\/\/www.evearly.news\/fr\/nouvelle-identite-pour-les-opel-combo-et-zafira-electric\/"},"modified":"2023-12-13T17:20:06","modified_gmt":"2023-12-13T16:20:06","slug":"nouvelle-identite-pour-les-opel-combo-et-zafira-electric","status":"publish","type":"post","link":"https:\/\/www.evearly.news\/fr\/nouvelle-identite-pour-les-opel-combo-et-zafira-electric\/","title":{"rendered":"Nouvelle identit\u00e9 pour les Opel Combo et Zafira Electric"},"content":{"rendered":"<p><img decoding=\"async\" src=\"https:\/\/www.evearly.news\/fr\/wp-content\/uploads\/sites\/6\/2023\/12\/nouvelle-identite-pour-les-opel-combo-et-zafira-electric.webp\" alt=\"auto-moto\"><br \/>Comme les autres ludospaces et monospaces du groupe Stellantis, les Opel Combo et Zafira re\u00e7oivent un restylage important pour leur mi-carri\u00e8re, et adoptent la nouvelle identit\u00e9 de la marque. En Europe, ils restent uniquement propos\u00e9s en \u00e9lectrique. <a href=\"https:\/\/www.auto-moto.com\/ludospace\/nouvelle-identite-pour-les-opel-combo-et-zafira-electric-27896\" target=\"blank\" rel=\"noopener\">Lire la suite&#8230;<\/a><\/p>\n","protected":false},"excerpt":{"rendered":"<p>Comme les autres ludospaces et monospaces du groupe Stellantis, les Opel Combo et Zafira re\u00e7oivent un restylage important pour leur mi-carri\u00e8re, et adoptent la nouvelle identit\u00e9 de la marque. En Europe, ils restent uniquement propos\u00e9s en \u00e9lectrique&#8230;. <a class=\"continue-reading-link\" href=\"https:\/\/www.evearly.news\/fr\/nouvelle-identite-pour-les-opel-combo-et-zafira-electric\/\"><\/a><\/p>\n","protected":false},"author":9,"featured_media":270744,"comment_status":"closed","ping_status":"open","sticky":false,"template":"Default","format":"standard","meta":{"footnotes":""},"categories":[10],"tags":[],"class_list":["post-270743","post","type-post","status-publish","format-standard","has-post-thumbnail","hentry","category-auto-moto-com"],"_links":{"self":[{"href":"https:\/\/www.evearly.news\/fr\/wp-json\/wp\/v2\/posts\/270743","targetHints":{"allow":["GET"]}}],"collection":[{"href":"https:\/\/www.evearly.news\/fr\/wp-json\/wp\/v2\/posts"}],"about":[{"href":"https:\/\/www.evearly.news\/fr\/wp-json\/wp\/v2\/types\/post"}],"author":[{"embeddable":true,"href":"https:\/\/www.evearly.news\/fr\/wp-json\/wp\/v2\/users\/9"}],"replies":[{"embeddable":true,"href":"https:\/\/www.evearly.news\/fr\/wp-json\/wp\/v2\/comments?post=270743"}],"version-history":[{"count":0,"href":"https:\/\/www.evearly.news\/fr\/wp-json\/wp\/v2\/posts\/270743\/revisions"}],"wp:featuredmedia":[{"embeddable":true,"href":"https:\/\/www.evearly.news\/fr\/wp-json\/wp\/v2\/media\/270744"}],"wp:attachment":[{"href":"https:\/\/www.evearly.news\/fr\/wp-json\/wp\/v2\/media?parent=270743"}],"wp:term":[{"taxonomy":"category","embeddable":true,"href":"https:\/\/www.evearly.news\/fr\/wp-json\/wp\/v2\/categories?post=270743"},{"taxonomy":"post_tag","embeddable":true,"href":"https:\/\/www.evearly.news\/fr\/wp-json\/wp\/v2\/tags?post=270743"}],"curies":[{"name":"wp","href":"https:\/\/api.w.org\/{rel}","templated":true}]}}