{"id":270757,"date":"2023-12-13T19:53:05","date_gmt":"2023-12-13T18:53:05","guid":{"rendered":"https:\/\/www.evearly.news\/fr\/mazda-annonce-8-modeles-electriques-inedits-lances-dici-2030-avec-laide-de-toyota\/"},"modified":"2023-12-13T19:53:05","modified_gmt":"2023-12-13T18:53:05","slug":"mazda-annonce-8-modeles-electriques-inedits-lances-dici-2030-avec-laide-de-toyota","status":"publish","type":"post","link":"https:\/\/www.evearly.news\/fr\/mazda-annonce-8-modeles-electriques-inedits-lances-dici-2030-avec-laide-de-toyota\/","title":{"rendered":"Mazda annonce 8 mod\u00e8les \u00e9lectriques in\u00e9dits lanc\u00e9s d\u2019ici 2030 avec l\u2019aide de Toyota"},"content":{"rendered":"<div class=\"media_block\"><img decoding=\"async\" src=\"https:\/\/www.evearly.news\/fr\/wp-content\/uploads\/sites\/6\/2023\/12\/mazda-annonce-8-modeles-electriques-inedits-lances-dici-2030-avec-laide-de-toyota.jpg\"><\/div>\n<p>La marque d&rsquo;Hiroshima n&rsquo;a pour l&rsquo;instant qu&rsquo;un seul mod\u00e8le \u00e9lectrique au catalogue. Mazda s&rsquo;appuiera sur le savoir-faire de Toyota.  <a href=\"https:\/\/www.automobile-magazine.fr\/toute-l-actualite\/article\/41201-mazda-annonce-8-modeles-electriques-inedits-lances-dici-2030-avec-laide-de-toyota\" target=\"bwindow\" rel=\"noopener\">Lire la suite&#8230;<\/a><\/p>\n","protected":false},"excerpt":{"rendered":"<div class=\"media_block\"><img decoding=\"async\" src=\"https:\/\/www.evearly.news\/fr\/wp-content\/uploads\/sites\/6\/2023\/12\/mazda-annonce-8-modeles-electriques-inedits-lances-dici-2030-avec-laide-de-toyota.jpg\"><\/div>\n<p> <a class=\"continue-reading-link\" href=\"https:\/\/www.evearly.news\/fr\/mazda-annonce-8-modeles-electriques-inedits-lances-dici-2030-avec-laide-de-toyota\/\"><\/a><\/p>\n","protected":false},"author":7,"featured_media":270758,"comment_status":"closed","ping_status":"open","sticky":false,"template":"Default","format":"standard","meta":{"footnotes":""},"categories":[7],"tags":[],"class_list":["post-270757","post","type-post","status-publish","format-standard","has-post-thumbnail","hentry","category-automobile-magazine"],"_links":{"self":[{"href":"https:\/\/www.evearly.news\/fr\/wp-json\/wp\/v2\/posts\/270757","targetHints":{"allow":["GET"]}}],"collection":[{"href":"https:\/\/www.evearly.news\/fr\/wp-json\/wp\/v2\/posts"}],"about":[{"href":"https:\/\/www.evearly.news\/fr\/wp-json\/wp\/v2\/types\/post"}],"author":[{"embeddable":true,"href":"https:\/\/www.evearly.news\/fr\/wp-json\/wp\/v2\/users\/7"}],"replies":[{"embeddable":true,"href":"https:\/\/www.evearly.news\/fr\/wp-json\/wp\/v2\/comments?post=270757"}],"version-history":[{"count":0,"href":"https:\/\/www.evearly.news\/fr\/wp-json\/wp\/v2\/posts\/270757\/revisions"}],"wp:featuredmedia":[{"embeddable":true,"href":"https:\/\/www.evearly.news\/fr\/wp-json\/wp\/v2\/media\/270758"}],"wp:attachment":[{"href":"https:\/\/www.evearly.news\/fr\/wp-json\/wp\/v2\/media?parent=270757"}],"wp:term":[{"taxonomy":"category","embeddable":true,"href":"https:\/\/www.evearly.news\/fr\/wp-json\/wp\/v2\/categories?post=270757"},{"taxonomy":"post_tag","embeddable":true,"href":"https:\/\/www.evearly.news\/fr\/wp-json\/wp\/v2\/tags?post=270757"}],"curies":[{"name":"wp","href":"https:\/\/api.w.org\/{rel}","templated":true}]}}