{"id":271111,"date":"2023-12-20T13:50:49","date_gmt":"2023-12-20T12:50:49","guid":{"rendered":"https:\/\/www.evearly.news\/fr\/tesla-comment-avance-le-projet-de-construction-de-la-gigafactory-au-mexique\/"},"modified":"2023-12-20T13:50:49","modified_gmt":"2023-12-20T12:50:49","slug":"tesla-comment-avance-le-projet-de-construction-de-la-gigafactory-au-mexique","status":"publish","type":"post","link":"https:\/\/www.evearly.news\/fr\/tesla-comment-avance-le-projet-de-construction-de-la-gigafactory-au-mexique\/","title":{"rendered":"Tesla : comment avance le projet de construction de la Gigafactory au Mexique ?"},"content":{"rendered":"<p><img loading=\"lazy\" decoding=\"async\" width=\"500\" height=\"333\" src=\"https:\/\/www.evearly.news\/fr\/wp-content\/uploads\/sites\/6\/2023\/12\/tesla-comment-avance-le-projet-de-construction-de-la-gigafactory-au-mexique.jpg\" class=\"attachment-1200x800 size-1200x800 wp-post-image\" alt=\"\" srcset=\"https:\/\/www.evearly.news\/fr\/wp-content\/uploads\/sites\/6\/2023\/12\/tesla-comment-avance-le-projet-de-construction-de-la-gigafactory-au-mexique.jpg 1920w, https:\/\/www.evearly.news\/fr\/wp-content\/uploads\/sites\/6\/2023\/12\/tesla-comment-avance-le-projet-de-construction-de-la-gigafactory-au-mexique-1.jpg 1640w, https:\/\/www.evearly.news\/fr\/wp-content\/uploads\/sites\/6\/2023\/12\/tesla-comment-avance-le-projet-de-construction-de-la-gigafactory-au-mexique-2.jpg 1024w, https:\/\/www.evearly.news\/fr\/wp-content\/uploads\/sites\/6\/2023\/12\/tesla-comment-avance-le-projet-de-construction-de-la-gigafactory-au-mexique-3.jpg 768w, https:\/\/www.evearly.news\/fr\/wp-content\/uploads\/sites\/6\/2023\/12\/tesla-comment-avance-le-projet-de-construction-de-la-gigafactory-au-mexique-4.jpg 1536w, https:\/\/cdn.automobile-propre.com\/uploads\/2023\/12\/giga-mexico-620x349.jpeg 620w\" sizes=\"auto, (max-width: 1200px) 100vw, 1200px\" \/><br \/>\nD\u00e9but 2023, Elon Musk a d\u00e9clar\u00e9 que Tesla s\u2019appr\u00eatait \u00e0 construire une nouvelle Gigafactory au Mexique. Il y a quelques\u2026\u00a0<a href=\"https:\/\/www.automobile-propre.com\/tesla-comment-avance-le-projet-de-construction-de-la-gigafactory-au-mexique\/\" target='bwindow' rel=\"noopener\">Lire la suite&#8230;<\/a><\/p>\n","protected":false},"excerpt":{"rendered":"<p>&#8230; <a class=\"continue-reading-link\" href=\"https:\/\/www.evearly.news\/fr\/tesla-comment-avance-le-projet-de-construction-de-la-gigafactory-au-mexique\/\"><\/a><\/p>\n","protected":false},"author":8,"featured_media":271112,"comment_status":"closed","ping_status":"open","sticky":false,"template":"Default","format":"standard","meta":{"footnotes":""},"categories":[8],"tags":[],"class_list":["post-271111","post","type-post","status-publish","format-standard","has-post-thumbnail","hentry","category-automobile-propre"],"_links":{"self":[{"href":"https:\/\/www.evearly.news\/fr\/wp-json\/wp\/v2\/posts\/271111","targetHints":{"allow":["GET"]}}],"collection":[{"href":"https:\/\/www.evearly.news\/fr\/wp-json\/wp\/v2\/posts"}],"about":[{"href":"https:\/\/www.evearly.news\/fr\/wp-json\/wp\/v2\/types\/post"}],"author":[{"embeddable":true,"href":"https:\/\/www.evearly.news\/fr\/wp-json\/wp\/v2\/users\/8"}],"replies":[{"embeddable":true,"href":"https:\/\/www.evearly.news\/fr\/wp-json\/wp\/v2\/comments?post=271111"}],"version-history":[{"count":0,"href":"https:\/\/www.evearly.news\/fr\/wp-json\/wp\/v2\/posts\/271111\/revisions"}],"wp:featuredmedia":[{"embeddable":true,"href":"https:\/\/www.evearly.news\/fr\/wp-json\/wp\/v2\/media\/271112"}],"wp:attachment":[{"href":"https:\/\/www.evearly.news\/fr\/wp-json\/wp\/v2\/media?parent=271111"}],"wp:term":[{"taxonomy":"category","embeddable":true,"href":"https:\/\/www.evearly.news\/fr\/wp-json\/wp\/v2\/categories?post=271111"},{"taxonomy":"post_tag","embeddable":true,"href":"https:\/\/www.evearly.news\/fr\/wp-json\/wp\/v2\/tags?post=271111"}],"curies":[{"name":"wp","href":"https:\/\/api.w.org\/{rel}","templated":true}]}}