{"id":271113,"date":"2023-12-20T14:20:52","date_gmt":"2023-12-20T13:20:52","guid":{"rendered":"https:\/\/www.evearly.news\/fr\/citroen-spacetourer-le-grand-monospace-passe-par-la-case-restylage\/"},"modified":"2023-12-20T14:20:52","modified_gmt":"2023-12-20T13:20:52","slug":"citroen-spacetourer-le-grand-monospace-passe-par-la-case-restylage","status":"publish","type":"post","link":"https:\/\/www.evearly.news\/fr\/citroen-spacetourer-le-grand-monospace-passe-par-la-case-restylage\/","title":{"rendered":"Citro\u00ebn SpaceTourer : le grand monospace passe par la case restylage"},"content":{"rendered":"<p><img decoding=\"async\" src=\"https:\/\/www.evearly.news\/fr\/wp-content\/uploads\/sites\/6\/2023\/12\/citroen-spacetourer-le-grand-monospace-passe-par-la-case-restylage.webp\" alt=\"auto-moto\"><br \/>Citro\u00ebn d\u00e9voile le SpaceTourer restyl\u00e9, juste apr\u00e8s son petit fr\u00e8re Berlingo. Le mod\u00e8le adopte la m\u00eame face avant et n\u2019est disponible qu\u2019en \u00e9lectrique en Europe. <a href=\"https:\/\/www.auto-moto.com\/monospace\/citroen-spacetourer--le-grand-monospace-passe-par-la-case-restylage-28132\" target=\"blank\" rel=\"noopener\">Lire la suite&#8230;<\/a><\/p>\n","protected":false},"excerpt":{"rendered":"<p>Citro\u00ebn d\u00e9voile le SpaceTourer restyl\u00e9, juste apr\u00e8s son petit fr\u00e8re Berlingo. Le mod\u00e8le adopte la m\u00eame face avant et n\u2019est disponible qu\u2019en \u00e9lectrique en Europe&#8230;. <a class=\"continue-reading-link\" href=\"https:\/\/www.evearly.news\/fr\/citroen-spacetourer-le-grand-monospace-passe-par-la-case-restylage\/\"><\/a><\/p>\n","protected":false},"author":9,"featured_media":271114,"comment_status":"closed","ping_status":"open","sticky":false,"template":"Default","format":"standard","meta":{"footnotes":""},"categories":[10],"tags":[],"class_list":["post-271113","post","type-post","status-publish","format-standard","has-post-thumbnail","hentry","category-auto-moto-com"],"_links":{"self":[{"href":"https:\/\/www.evearly.news\/fr\/wp-json\/wp\/v2\/posts\/271113","targetHints":{"allow":["GET"]}}],"collection":[{"href":"https:\/\/www.evearly.news\/fr\/wp-json\/wp\/v2\/posts"}],"about":[{"href":"https:\/\/www.evearly.news\/fr\/wp-json\/wp\/v2\/types\/post"}],"author":[{"embeddable":true,"href":"https:\/\/www.evearly.news\/fr\/wp-json\/wp\/v2\/users\/9"}],"replies":[{"embeddable":true,"href":"https:\/\/www.evearly.news\/fr\/wp-json\/wp\/v2\/comments?post=271113"}],"version-history":[{"count":0,"href":"https:\/\/www.evearly.news\/fr\/wp-json\/wp\/v2\/posts\/271113\/revisions"}],"wp:featuredmedia":[{"embeddable":true,"href":"https:\/\/www.evearly.news\/fr\/wp-json\/wp\/v2\/media\/271114"}],"wp:attachment":[{"href":"https:\/\/www.evearly.news\/fr\/wp-json\/wp\/v2\/media?parent=271113"}],"wp:term":[{"taxonomy":"category","embeddable":true,"href":"https:\/\/www.evearly.news\/fr\/wp-json\/wp\/v2\/categories?post=271113"},{"taxonomy":"post_tag","embeddable":true,"href":"https:\/\/www.evearly.news\/fr\/wp-json\/wp\/v2\/tags?post=271113"}],"curies":[{"name":"wp","href":"https:\/\/api.w.org\/{rel}","templated":true}]}}