{"id":271125,"date":"2023-12-20T17:50:03","date_gmt":"2023-12-20T16:50:03","guid":{"rendered":"https:\/\/www.evearly.news\/fr\/hyundai-reflechit-a-une-petite-soeur-de-la-ioniq-5-n\/"},"modified":"2023-12-20T17:50:03","modified_gmt":"2023-12-20T16:50:03","slug":"hyundai-reflechit-a-une-petite-soeur-de-la-ioniq-5-n","status":"publish","type":"post","link":"https:\/\/www.evearly.news\/fr\/hyundai-reflechit-a-une-petite-soeur-de-la-ioniq-5-n\/","title":{"rendered":"Hyundai r\u00e9fl\u00e9chit \u00e0 une petite soeur de la Ioniq 5 N"},"content":{"rendered":"<p><img decoding=\"async\" src=\"https:\/\/www.evearly.news\/fr\/wp-content\/uploads\/sites\/6\/2023\/12\/hyundai-reflechit-a-une-petite-soeur-de-la-ioniq-5-n.webp\" alt=\"auto-moto\"><br \/>Hyundai op\u00e8re une transition importante pour son d\u00e9partement sportif N avec des nouveaut\u00e9s \u00e9lectriques, la premi\u00e8re \u00e9tant la Ioniq 5 N. Visiblement, le constructeur cor\u00e9en r\u00e9fl\u00e9chit d\u00e9j\u00e0 \u00e0 une petite s\u0153ur plus abordable. <a href=\"https:\/\/www.auto-moto.com\/electrique\/hyundai-reflechit-a-une-petite-soeur-de-la-ioniq-5-n-28142\" target=\"blank\" rel=\"noopener\">Lire la suite&#8230;<\/a><\/p>\n","protected":false},"excerpt":{"rendered":"<p>Hyundai op\u00e8re une transition importante pour son d\u00e9partement sportif N avec des nouveaut\u00e9s \u00e9lectriques, la premi\u00e8re \u00e9tant la Ioniq 5 N. Visiblement, le constructeur cor\u00e9en r\u00e9fl\u00e9chit d\u00e9j\u00e0 \u00e0 une petite s\u0153ur plus abordable&#8230;. <a class=\"continue-reading-link\" href=\"https:\/\/www.evearly.news\/fr\/hyundai-reflechit-a-une-petite-soeur-de-la-ioniq-5-n\/\"><\/a><\/p>\n","protected":false},"author":9,"featured_media":271126,"comment_status":"closed","ping_status":"open","sticky":false,"template":"Default","format":"standard","meta":{"footnotes":""},"categories":[10],"tags":[],"class_list":["post-271125","post","type-post","status-publish","format-standard","has-post-thumbnail","hentry","category-auto-moto-com"],"_links":{"self":[{"href":"https:\/\/www.evearly.news\/fr\/wp-json\/wp\/v2\/posts\/271125","targetHints":{"allow":["GET"]}}],"collection":[{"href":"https:\/\/www.evearly.news\/fr\/wp-json\/wp\/v2\/posts"}],"about":[{"href":"https:\/\/www.evearly.news\/fr\/wp-json\/wp\/v2\/types\/post"}],"author":[{"embeddable":true,"href":"https:\/\/www.evearly.news\/fr\/wp-json\/wp\/v2\/users\/9"}],"replies":[{"embeddable":true,"href":"https:\/\/www.evearly.news\/fr\/wp-json\/wp\/v2\/comments?post=271125"}],"version-history":[{"count":0,"href":"https:\/\/www.evearly.news\/fr\/wp-json\/wp\/v2\/posts\/271125\/revisions"}],"wp:featuredmedia":[{"embeddable":true,"href":"https:\/\/www.evearly.news\/fr\/wp-json\/wp\/v2\/media\/271126"}],"wp:attachment":[{"href":"https:\/\/www.evearly.news\/fr\/wp-json\/wp\/v2\/media?parent=271125"}],"wp:term":[{"taxonomy":"category","embeddable":true,"href":"https:\/\/www.evearly.news\/fr\/wp-json\/wp\/v2\/categories?post=271125"},{"taxonomy":"post_tag","embeddable":true,"href":"https:\/\/www.evearly.news\/fr\/wp-json\/wp\/v2\/tags?post=271125"}],"curies":[{"name":"wp","href":"https:\/\/api.w.org\/{rel}","templated":true}]}}