{"id":271459,"date":"2023-12-28T09:52:45","date_gmt":"2023-12-28T08:52:45","guid":{"rendered":"https:\/\/www.evearly.news\/fr\/lavere-france-interpelle-le-gouvernement-sur-larret-des-subventions-france-2030-en-faveur-du-deploiement-des-bornes-de-recharge\/"},"modified":"2023-12-28T09:52:45","modified_gmt":"2023-12-28T08:52:45","slug":"lavere-france-interpelle-le-gouvernement-sur-larret-des-subventions-france-2030-en-faveur-du-deploiement-des-bornes-de-recharge","status":"publish","type":"post","link":"https:\/\/www.evearly.news\/fr\/lavere-france-interpelle-le-gouvernement-sur-larret-des-subventions-france-2030-en-faveur-du-deploiement-des-bornes-de-recharge\/","title":{"rendered":"L\u2019Avere-France interpelle le gouvernement sur l\u2019arr\u00eat des subventions France 2030 en faveur du d\u00e9ploiement des bornes de recharge"},"content":{"rendered":"<p><img decoding=\"async\" src=\"https:\/\/www.evearly.news\/fr\/wp-content\/uploads\/sites\/6\/2023\/12\/lavere-france-interpelle-le-gouvernement-sur-larret-des-subventions-france-2030-en-faveur-du-deploiement-des-bornes-de-recharge.jpg\"><br \/>L&rsquo;Association nationale pour le d\u00e9veloppement de la mobilit\u00e9 \u00e9lectrique (Avere-France) a adress\u00e9 un courrier au Gouvernement, faisant part de ses inqui\u00e9tudes quant \u00e0 la fin des subventions pr\u00e9vues par le dispositif France 2030. <a href=\"https:\/\/www.avere-france.org\/lavere-france-interpelle-le-gouvernement-sur-larret-des-subventions-france-2030-en-faveur-du-deploiement-des-bornes-de-recharge\/\" target='bwindow' rel=\"noopener\">Lire la suite&#8230;<\/a><\/p>\n","protected":false},"excerpt":{"rendered":"<p>&#8230; <a class=\"continue-reading-link\" href=\"https:\/\/www.evearly.news\/fr\/lavere-france-interpelle-le-gouvernement-sur-larret-des-subventions-france-2030-en-faveur-du-deploiement-des-bornes-de-recharge\/\"><\/a><\/p>\n","protected":false},"author":10,"featured_media":271460,"comment_status":"closed","ping_status":"open","sticky":false,"template":"Default","format":"standard","meta":{"footnotes":""},"categories":[9],"tags":[],"class_list":["post-271459","post","type-post","status-publish","format-standard","has-post-thumbnail","hentry","category-avere-france"],"_links":{"self":[{"href":"https:\/\/www.evearly.news\/fr\/wp-json\/wp\/v2\/posts\/271459","targetHints":{"allow":["GET"]}}],"collection":[{"href":"https:\/\/www.evearly.news\/fr\/wp-json\/wp\/v2\/posts"}],"about":[{"href":"https:\/\/www.evearly.news\/fr\/wp-json\/wp\/v2\/types\/post"}],"author":[{"embeddable":true,"href":"https:\/\/www.evearly.news\/fr\/wp-json\/wp\/v2\/users\/10"}],"replies":[{"embeddable":true,"href":"https:\/\/www.evearly.news\/fr\/wp-json\/wp\/v2\/comments?post=271459"}],"version-history":[{"count":0,"href":"https:\/\/www.evearly.news\/fr\/wp-json\/wp\/v2\/posts\/271459\/revisions"}],"wp:featuredmedia":[{"embeddable":true,"href":"https:\/\/www.evearly.news\/fr\/wp-json\/wp\/v2\/media\/271460"}],"wp:attachment":[{"href":"https:\/\/www.evearly.news\/fr\/wp-json\/wp\/v2\/media?parent=271459"}],"wp:term":[{"taxonomy":"category","embeddable":true,"href":"https:\/\/www.evearly.news\/fr\/wp-json\/wp\/v2\/categories?post=271459"},{"taxonomy":"post_tag","embeddable":true,"href":"https:\/\/www.evearly.news\/fr\/wp-json\/wp\/v2\/tags?post=271459"}],"curies":[{"name":"wp","href":"https:\/\/api.w.org\/{rel}","templated":true}]}}