{"id":272769,"date":"2024-01-15T18:58:13","date_gmt":"2024-01-15T17:58:13","guid":{"rendered":"https:\/\/www.evearly.news\/fr\/272769-2\/"},"modified":"2024-01-15T21:27:44","modified_gmt":"2024-01-15T20:27:44","slug":"272769-2","status":"publish","type":"post","link":"https:\/\/www.evearly.news\/fr\/272769-2\/","title":{"rendered":"Bilan 2023 : Fin 2023 le cap du millioni\u00e8me v\u00e9hicule \u00e9lectrique immatricul\u00e9 en France \u00e9tait franchi et plus de 118 000 points de recharge \u00e9taient ouverts au public"},"content":{"rendered":"\n<p><img decoding=\"async\" src=\"https:\/\/www.avere-france.org\/wp-content\/uploads\/2023\/12\/image.png\">L\u2019ann\u00e9e 2023 a \u00e9t\u00e9 l\u2019ann\u00e9e de tous les superlatifs pour la mobilit\u00e9 \u00e9lectrique&nbsp;: cap des 100&nbsp;000 bornes de recharges ouvertes au public, cap du millioni\u00e8me v\u00e9hicule \u00e9lectrique immatricul\u00e9 en France\u2026 Plus pr\u00e9cis\u00e9ment : 1&nbsp;594 841 v\u00e9hicules \u00e9lectriques et hybrides rechargeables l\u00e9gers en circulation en France, dont 491 866 &nbsp;&nbsp;immatricul\u00e9s en 2023. Les v\u00e9hicules \u00e9lectrifi\u00e9s rechargeables l\u00e9gers neufs ont ainsi repr\u00e9sent\u00e9, \u00e0 l\u2019ann\u00e9e, pr\u00e8s de 23 % du march\u00e9. En parall\u00e8le, le nombre de points de recharge ouverts au public &nbsp;a largement augment\u00e9 : nous en annoncions, en janvier dernier, 82 107. Au 31 d\u00e9cembre 2023, la France comptait 118 009 points de recharge ouverts au public, soit une hausse de 44% en un an. <a href=\"https:\/\/www.avere-france.org\/bilan_2023\/\" target=\"bwindow\" rel=\"noopener\">Lire la suite&#8230;<\/a><\/p>\n","protected":false},"excerpt":{"rendered":"<p>&#8230; <a class=\"continue-reading-link\" href=\"https:\/\/www.evearly.news\/fr\/272769-2\/\"><\/a><\/p>\n","protected":false},"author":10,"featured_media":0,"comment_status":"closed","ping_status":"open","sticky":false,"template":"Default","format":"standard","meta":{"footnotes":""},"categories":[9],"tags":[],"class_list":["post-272769","post","type-post","status-publish","format-standard","hentry","category-avere-france"],"_links":{"self":[{"href":"https:\/\/www.evearly.news\/fr\/wp-json\/wp\/v2\/posts\/272769","targetHints":{"allow":["GET"]}}],"collection":[{"href":"https:\/\/www.evearly.news\/fr\/wp-json\/wp\/v2\/posts"}],"about":[{"href":"https:\/\/www.evearly.news\/fr\/wp-json\/wp\/v2\/types\/post"}],"author":[{"embeddable":true,"href":"https:\/\/www.evearly.news\/fr\/wp-json\/wp\/v2\/users\/10"}],"replies":[{"embeddable":true,"href":"https:\/\/www.evearly.news\/fr\/wp-json\/wp\/v2\/comments?post=272769"}],"version-history":[{"count":2,"href":"https:\/\/www.evearly.news\/fr\/wp-json\/wp\/v2\/posts\/272769\/revisions"}],"predecessor-version":[{"id":272785,"href":"https:\/\/www.evearly.news\/fr\/wp-json\/wp\/v2\/posts\/272769\/revisions\/272785"}],"wp:attachment":[{"href":"https:\/\/www.evearly.news\/fr\/wp-json\/wp\/v2\/media?parent=272769"}],"wp:term":[{"taxonomy":"category","embeddable":true,"href":"https:\/\/www.evearly.news\/fr\/wp-json\/wp\/v2\/categories?post=272769"},{"taxonomy":"post_tag","embeddable":true,"href":"https:\/\/www.evearly.news\/fr\/wp-json\/wp\/v2\/tags?post=272769"}],"curies":[{"name":"wp","href":"https:\/\/api.w.org\/{rel}","templated":true}]}}