{"id":272770,"date":"2024-01-15T19:50:05","date_gmt":"2024-01-15T18:50:05","guid":{"rendered":"https:\/\/www.evearly.news\/fr\/appel-a-projets-de-lademe-a-destination-des-stations-service-independantes\/"},"modified":"2024-01-15T19:50:05","modified_gmt":"2024-01-15T18:50:05","slug":"appel-a-projets-de-lademe-a-destination-des-stations-service-independantes","status":"publish","type":"post","link":"https:\/\/www.evearly.news\/fr\/appel-a-projets-de-lademe-a-destination-des-stations-service-independantes\/","title":{"rendered":"Appel \u00e0 projets de l\u2019ADEME \u00e0 destination des stations-service ind\u00e9pendantes"},"content":{"rendered":"<p><img width=\"1000\" height=\"563\" src=\"https:\/\/www.evearly.news\/fr\/wp-content\/uploads\/sites\/6\/2024\/01\/appel-a-projets-de-lademe-a-destination-des-stations-service-independantes.jpg\" class=\"attachment-post-thumbnail size-post-thumbnail wp-post-image\" alt=\"Infrastructures de recharge pour les v\u00e9hicules \u00e9lectriques dans les stations-service ind\u00e9pendantes\" decoding=\"async\" fetchpriority=\"high\" srcset=\"https:\/\/www.evearly.news\/fr\/wp-content\/uploads\/sites\/6\/2024\/01\/appel-a-projets-de-lademe-a-destination-des-stations-service-independantes.jpg 1000w, https:\/\/www.evearly.news\/fr\/wp-content\/uploads\/sites\/6\/2024\/01\/appel-a-projets-de-lademe-a-destination-des-stations-service-independantes-1.jpg 300w, https:\/\/www.evearly.news\/fr\/wp-content\/uploads\/sites\/6\/2024\/01\/appel-a-projets-de-lademe-a-destination-des-stations-service-independantes-2.jpg 998w, https:\/\/www.avem.fr\/wp-content\/uploads\/2024\/01\/Image-article-1000x563-9-768x432.jpg 768w\" sizes=\"(max-width: 1000px) 100vw, 1000px\" \/>L\u2019ADEME vient de publier un nouvel appel \u00e0 projets \u00e0 destination des stations-service ind\u00e9pendantes qui souhaiteraient installer des bornes de recharge pour les v\u00e9hicules \u00e9lectriques. Ce dispositif est valable sur le territoire national et le d\u00e9p\u00f4t des dossiers doit \u00eatre r\u00e9alis\u00e9 entre le 15 janvier 2024 et le 28 juin [\u2026] <a href=\"https:\/\/www.avem.fr\/2024\/01\/15\/app-de-l-ademe-pour-les-stations-service-independantes\/\" target=\"blank\" rel=\"noopener\">Lire la suite&#8230;<\/a><\/p>\n","protected":false},"excerpt":{"rendered":"<p><img loading=\"lazy\" decoding=\"async\" width=\"1000\" height=\"563\" src=\"https:\/\/www.evearly.news\/fr\/wp-content\/uploads\/sites\/6\/2024\/01\/appel-a-projets-de-lademe-a-destination-des-stations-service-independantes.jpg\" class=\"attachment-post-thumbnail size-post-thumbnail wp-post-image\" alt=\"Infrastructures de recharge pour les v\u00e9hicules \u00e9lectriques dans les stations-service ind\u00e9pendantes\" \/>L\u2019ADEME vient de publier un nouvel appel \u00e0 projets \u00e0 destination des stations-service ind\u00e9pendantes qui souhaiteraient installer des bornes de recharge pour les v\u00e9hicules \u00e9lectriques. Ce dispositif est valable sur le territoire national et le d\u00e9p\u00f4t des dossiers doit \u00eatre r\u00e9alis\u00e9 entre le 15 janvier 2024 et le 28 juin [\u2026] <a class=\"continue-reading-link\" href=\"https:\/\/www.evearly.news\/fr\/appel-a-projets-de-lademe-a-destination-des-stations-service-independantes\/\"><\/a><\/p>\n","protected":false},"author":3,"featured_media":272771,"comment_status":"closed","ping_status":"open","sticky":false,"template":"Default","format":"standard","meta":{"footnotes":""},"categories":[3],"tags":[],"class_list":["post-272770","post","type-post","status-publish","format-standard","has-post-thumbnail","hentry","category-avem"],"_links":{"self":[{"href":"https:\/\/www.evearly.news\/fr\/wp-json\/wp\/v2\/posts\/272770","targetHints":{"allow":["GET"]}}],"collection":[{"href":"https:\/\/www.evearly.news\/fr\/wp-json\/wp\/v2\/posts"}],"about":[{"href":"https:\/\/www.evearly.news\/fr\/wp-json\/wp\/v2\/types\/post"}],"author":[{"embeddable":true,"href":"https:\/\/www.evearly.news\/fr\/wp-json\/wp\/v2\/users\/3"}],"replies":[{"embeddable":true,"href":"https:\/\/www.evearly.news\/fr\/wp-json\/wp\/v2\/comments?post=272770"}],"version-history":[{"count":0,"href":"https:\/\/www.evearly.news\/fr\/wp-json\/wp\/v2\/posts\/272770\/revisions"}],"wp:featuredmedia":[{"embeddable":true,"href":"https:\/\/www.evearly.news\/fr\/wp-json\/wp\/v2\/media\/272771"}],"wp:attachment":[{"href":"https:\/\/www.evearly.news\/fr\/wp-json\/wp\/v2\/media?parent=272770"}],"wp:term":[{"taxonomy":"category","embeddable":true,"href":"https:\/\/www.evearly.news\/fr\/wp-json\/wp\/v2\/categories?post=272770"},{"taxonomy":"post_tag","embeddable":true,"href":"https:\/\/www.evearly.news\/fr\/wp-json\/wp\/v2\/tags?post=272770"}],"curies":[{"name":"wp","href":"https:\/\/api.w.org\/{rel}","templated":true}]}}