{"id":272774,"date":"2024-01-15T19:58:30","date_gmt":"2024-01-15T18:58:30","guid":{"rendered":"https:\/\/www.evearly.news\/fr\/les-velos-electriques-sont-accuses-detre-la-1re-cause-de-mortalite-en-ville-est-ce-vraiment-le-cas\/"},"modified":"2024-01-15T19:58:30","modified_gmt":"2024-01-15T18:58:30","slug":"les-velos-electriques-sont-accuses-detre-la-1re-cause-de-mortalite-en-ville-est-ce-vraiment-le-cas","status":"publish","type":"post","link":"https:\/\/www.evearly.news\/fr\/les-velos-electriques-sont-accuses-detre-la-1re-cause-de-mortalite-en-ville-est-ce-vraiment-le-cas\/","title":{"rendered":"Les v\u00e9los \u00e9lectriques sont accus\u00e9s d\u2019\u00eatre la 1re cause de mortalit\u00e9 en ville, est-ce vraiment le cas ?"},"content":{"rendered":"<p><img decoding=\"async\" src=\"https:\/\/www.evearly.news\/fr\/wp-content\/uploads\/sites\/6\/2024\/01\/les-velos-electriques-sont-accuses-detre-la-1re-cause-de-mortalite-en-ville-est-ce-vraiment-le-cas.jpg\"><br \/>D&rsquo;apr\u00e8s un article r\u00e9cent publi\u00e9 par Men&rsquo;s Journal, les incendies provoqu\u00e9s par des batteries de v\u00e9los \u00e9lectriques seraient l&rsquo;une des principales causes de mortalit\u00e9 \u00e0 New-York. Probl\u00e8me, cette affirmation est loin, tr\u00e8s loin de refl\u00e9ter la r\u00e9alit\u00e9. Dans un article&#8230; <a href=\"https:\/\/www.phonandroid.com\/les-velos-electriques-sont-accuses-detre-la-1re-cause-de-mortalite-en-ville-est-ce-vraiment-le-cas.html\" target=\"blank\" rel=\"noopener\">Lire la suite&#8230;<\/a><\/p>\n","protected":false},"excerpt":{"rendered":"<p>D&rsquo;apr\u00e8s un article r\u00e9cent publi\u00e9 par Men&rsquo;s Journal, les incendies provoqu\u00e9s par des batteries de v\u00e9los \u00e9lectriques seraient l&rsquo;une des principales causes de mortalit\u00e9 \u00e0 New-York. Probl\u00e8me, cette affirmation est loin, tr\u00e8s loin de refl\u00e9ter la r\u00e9alit\u00e9. Dans un article&#8230;&#8230; <a class=\"continue-reading-link\" href=\"https:\/\/www.evearly.news\/fr\/les-velos-electriques-sont-accuses-detre-la-1re-cause-de-mortalite-en-ville-est-ce-vraiment-le-cas\/\"><\/a><\/p>\n","protected":false},"author":17,"featured_media":272775,"comment_status":"closed","ping_status":"open","sticky":false,"template":"Default","format":"standard","meta":{"footnotes":""},"categories":[18],"tags":[],"class_list":["post-272774","post","type-post","status-publish","format-standard","has-post-thumbnail","hentry","category-phonandroid"],"_links":{"self":[{"href":"https:\/\/www.evearly.news\/fr\/wp-json\/wp\/v2\/posts\/272774","targetHints":{"allow":["GET"]}}],"collection":[{"href":"https:\/\/www.evearly.news\/fr\/wp-json\/wp\/v2\/posts"}],"about":[{"href":"https:\/\/www.evearly.news\/fr\/wp-json\/wp\/v2\/types\/post"}],"author":[{"embeddable":true,"href":"https:\/\/www.evearly.news\/fr\/wp-json\/wp\/v2\/users\/17"}],"replies":[{"embeddable":true,"href":"https:\/\/www.evearly.news\/fr\/wp-json\/wp\/v2\/comments?post=272774"}],"version-history":[{"count":0,"href":"https:\/\/www.evearly.news\/fr\/wp-json\/wp\/v2\/posts\/272774\/revisions"}],"wp:featuredmedia":[{"embeddable":true,"href":"https:\/\/www.evearly.news\/fr\/wp-json\/wp\/v2\/media\/272775"}],"wp:attachment":[{"href":"https:\/\/www.evearly.news\/fr\/wp-json\/wp\/v2\/media?parent=272774"}],"wp:term":[{"taxonomy":"category","embeddable":true,"href":"https:\/\/www.evearly.news\/fr\/wp-json\/wp\/v2\/categories?post=272774"},{"taxonomy":"post_tag","embeddable":true,"href":"https:\/\/www.evearly.news\/fr\/wp-json\/wp\/v2\/tags?post=272774"}],"curies":[{"name":"wp","href":"https:\/\/api.w.org\/{rel}","templated":true}]}}