{"id":273458,"date":"2024-01-25T18:50:05","date_gmt":"2024-01-25T17:50:05","guid":{"rendered":"https:\/\/www.evearly.news\/fr\/mini-countryman-les-prix-de-la-version-electrique-devoiles\/"},"modified":"2024-01-25T18:50:05","modified_gmt":"2024-01-25T17:50:05","slug":"mini-countryman-les-prix-de-la-version-electrique-devoiles","status":"publish","type":"post","link":"https:\/\/www.evearly.news\/fr\/mini-countryman-les-prix-de-la-version-electrique-devoiles\/","title":{"rendered":"Mini Countryman : les prix de la version \u00e9lectrique d\u00e9voil\u00e9s"},"content":{"rendered":"<p><img decoding=\"async\" src=\"https:\/\/www.evearly.news\/fr\/wp-content\/uploads\/sites\/6\/2024\/01\/mini-countryman-les-prix-de-la-version-electrique-devoiles.webp\" alt=\"auto-moto\"><br \/>Mini ouvre les commandes pour son nouveau Countryman \u00e9lectrique, peu apr\u00e8s les variantes thermiques. Le SUV s\u2019affiche \u00e0 partir de 44 000 \u20ac et devrait avoir droit au bonus \u00e9cologique en France gr\u00e2ce \u00e0 sa production europ\u00e9enne. <a href=\"https:\/\/www.auto-moto.com\/prix-du-neuf\/mini-countryman--les-prix-de-la-version-electrique-devoiles-29368\" target=\"blank\" rel=\"noopener\">Lire la suite&#8230;<\/a><\/p>\n","protected":false},"excerpt":{"rendered":"<p>Mini ouvre les commandes pour son nouveau Countryman \u00e9lectrique, peu apr\u00e8s les variantes thermiques. Le SUV s\u2019affiche \u00e0 partir de 44 000 \u20ac et devrait avoir droit au bonus \u00e9cologique en France gr\u00e2ce \u00e0 sa production europ\u00e9enne&#8230;. <a class=\"continue-reading-link\" href=\"https:\/\/www.evearly.news\/fr\/mini-countryman-les-prix-de-la-version-electrique-devoiles\/\"><\/a><\/p>\n","protected":false},"author":9,"featured_media":273459,"comment_status":"closed","ping_status":"open","sticky":false,"template":"Default","format":"standard","meta":{"footnotes":""},"categories":[10],"tags":[],"class_list":["post-273458","post","type-post","status-publish","format-standard","has-post-thumbnail","hentry","category-auto-moto-com"],"_links":{"self":[{"href":"https:\/\/www.evearly.news\/fr\/wp-json\/wp\/v2\/posts\/273458","targetHints":{"allow":["GET"]}}],"collection":[{"href":"https:\/\/www.evearly.news\/fr\/wp-json\/wp\/v2\/posts"}],"about":[{"href":"https:\/\/www.evearly.news\/fr\/wp-json\/wp\/v2\/types\/post"}],"author":[{"embeddable":true,"href":"https:\/\/www.evearly.news\/fr\/wp-json\/wp\/v2\/users\/9"}],"replies":[{"embeddable":true,"href":"https:\/\/www.evearly.news\/fr\/wp-json\/wp\/v2\/comments?post=273458"}],"version-history":[{"count":0,"href":"https:\/\/www.evearly.news\/fr\/wp-json\/wp\/v2\/posts\/273458\/revisions"}],"wp:featuredmedia":[{"embeddable":true,"href":"https:\/\/www.evearly.news\/fr\/wp-json\/wp\/v2\/media\/273459"}],"wp:attachment":[{"href":"https:\/\/www.evearly.news\/fr\/wp-json\/wp\/v2\/media?parent=273458"}],"wp:term":[{"taxonomy":"category","embeddable":true,"href":"https:\/\/www.evearly.news\/fr\/wp-json\/wp\/v2\/categories?post=273458"},{"taxonomy":"post_tag","embeddable":true,"href":"https:\/\/www.evearly.news\/fr\/wp-json\/wp\/v2\/tags?post=273458"}],"curies":[{"name":"wp","href":"https:\/\/api.w.org\/{rel}","templated":true}]}}