{"id":273982,"date":"2024-02-02T15:21:41","date_gmt":"2024-02-02T14:21:41","guid":{"rendered":"https:\/\/www.evearly.news\/fr\/volvo-se-separe-de-polestar-et-le-confie-a-geely\/"},"modified":"2024-02-02T15:21:41","modified_gmt":"2024-02-02T14:21:41","slug":"volvo-se-separe-de-polestar-et-le-confie-a-geely","status":"publish","type":"post","link":"https:\/\/www.evearly.news\/fr\/volvo-se-separe-de-polestar-et-le-confie-a-geely\/","title":{"rendered":"Volvo se s\u00e9pare de Polestar et le confie \u00e0 Geely"},"content":{"rendered":"<p><img loading=\"lazy\" decoding=\"async\" width=\"500\" height=\"333\" src=\"https:\/\/www.evearly.news\/fr\/wp-content\/uploads\/sites\/6\/2024\/02\/volvo-se-separe-de-polestar-et-le-confie-a-geely.jpg\" class=\"attachment-1200x800 size-1200x800 wp-post-image\" alt=\"\" srcset=\"https:\/\/www.evearly.news\/fr\/wp-content\/uploads\/sites\/6\/2024\/02\/volvo-se-separe-de-polestar-et-le-confie-a-geely.jpg 1920w, https:\/\/www.evearly.news\/fr\/wp-content\/uploads\/sites\/6\/2024\/02\/volvo-se-separe-de-polestar-et-le-confie-a-geely-1.jpg 1200w, https:\/\/www.evearly.news\/fr\/wp-content\/uploads\/sites\/6\/2024\/02\/volvo-se-separe-de-polestar-et-le-confie-a-geely-2.jpg 1024w, https:\/\/www.evearly.news\/fr\/wp-content\/uploads\/sites\/6\/2024\/02\/volvo-se-separe-de-polestar-et-le-confie-a-geely-3.jpg 768w, https:\/\/www.evearly.news\/fr\/wp-content\/uploads\/sites\/6\/2024\/02\/volvo-se-separe-de-polestar-et-le-confie-a-geely-4.jpg 1536w, https:\/\/cdn.automobile-propre.com\/uploads\/2023\/07\/Polestar-4-11-620x349.jpg 620w\" sizes=\"auto, (max-width: 1200px) 100vw, 1200px\" \/><br \/>\nVolvo ne veut visiblement plus assumer les pertes de Polestar et compte transf\u00e9rer le financement de la jeune marque de voitures \u00e9lectriques \u00e0 sa maison m\u00e8re Geely.\u00a0<a href=\"https:\/\/www.automobile-propre.com\/breves\/volvo-se-separe-de-polestar-et-le-confie-a-geely\/\" target='bwindow' rel=\"noopener\">Lire la suite&#8230;<\/a><\/p>\n","protected":false},"excerpt":{"rendered":"<p>&#8230; <a class=\"continue-reading-link\" href=\"https:\/\/www.evearly.news\/fr\/volvo-se-separe-de-polestar-et-le-confie-a-geely\/\"><\/a><\/p>\n","protected":false},"author":8,"featured_media":273983,"comment_status":"closed","ping_status":"open","sticky":false,"template":"Default","format":"standard","meta":{"footnotes":""},"categories":[8],"tags":[],"class_list":["post-273982","post","type-post","status-publish","format-standard","has-post-thumbnail","hentry","category-automobile-propre"],"_links":{"self":[{"href":"https:\/\/www.evearly.news\/fr\/wp-json\/wp\/v2\/posts\/273982","targetHints":{"allow":["GET"]}}],"collection":[{"href":"https:\/\/www.evearly.news\/fr\/wp-json\/wp\/v2\/posts"}],"about":[{"href":"https:\/\/www.evearly.news\/fr\/wp-json\/wp\/v2\/types\/post"}],"author":[{"embeddable":true,"href":"https:\/\/www.evearly.news\/fr\/wp-json\/wp\/v2\/users\/8"}],"replies":[{"embeddable":true,"href":"https:\/\/www.evearly.news\/fr\/wp-json\/wp\/v2\/comments?post=273982"}],"version-history":[{"count":0,"href":"https:\/\/www.evearly.news\/fr\/wp-json\/wp\/v2\/posts\/273982\/revisions"}],"wp:featuredmedia":[{"embeddable":true,"href":"https:\/\/www.evearly.news\/fr\/wp-json\/wp\/v2\/media\/273983"}],"wp:attachment":[{"href":"https:\/\/www.evearly.news\/fr\/wp-json\/wp\/v2\/media?parent=273982"}],"wp:term":[{"taxonomy":"category","embeddable":true,"href":"https:\/\/www.evearly.news\/fr\/wp-json\/wp\/v2\/categories?post=273982"},{"taxonomy":"post_tag","embeddable":true,"href":"https:\/\/www.evearly.news\/fr\/wp-json\/wp\/v2\/tags?post=273982"}],"curies":[{"name":"wp","href":"https:\/\/api.w.org\/{rel}","templated":true}]}}