{"id":273990,"date":"2024-02-02T16:22:43","date_gmt":"2024-02-02T15:22:43","guid":{"rendered":"https:\/\/www.evearly.news\/fr\/cet-important-acteur-du-deux-roues-va-tres-vite-devoir-se-ressaisir-sil-ne-souhaite-pas-sombrer\/"},"modified":"2024-02-02T16:22:43","modified_gmt":"2024-02-02T15:22:43","slug":"cet-important-acteur-du-deux-roues-va-tres-vite-devoir-se-ressaisir-sil-ne-souhaite-pas-sombrer","status":"publish","type":"post","link":"https:\/\/www.evearly.news\/fr\/cet-important-acteur-du-deux-roues-va-tres-vite-devoir-se-ressaisir-sil-ne-souhaite-pas-sombrer\/","title":{"rendered":"Cet important acteur du deux-roues va tr\u00e8s vite devoir se ressaisir s\u2019il ne souhaite pas sombrer"},"content":{"rendered":"<p><img width=\"1200\" height=\"795\" src=\"https:\/\/www.evearly.news\/fr\/wp-content\/uploads\/sites\/6\/2024\/02\/cet-important-acteur-du-deux-roues-va-tres-vite-devoir-se-ressaisir-sil-ne-souhaite-pas-sombrer.jpg\" class=\"attachment-large size-large wp-post-image\" alt=\"ktm gravel electrique\" decoding=\"async\" loading=\"lazy\" \/<br \/>Pierer Mobility Group a publi\u00e9 ses r\u00e9sultats pr\u00e9liminaires de l\u2019exercice\u00a02023. Celui qui a r\u00e9cemment vendu deux filiales sp\u00e9cialis\u00e9es dans le v\u00e9lo affiche un chiffre d\u2019affaires record\u2026 mai un r\u00e9sultat op\u00e9rationnel en forte baisse de 32\u00a0%. Pire, son d\u00e9ficit a litt\u00e9ralement explos\u00e9. <a href=\"https:\/\/www.frandroid.com\/survoltes\/velo-electrique\/1929556_cet-important-acteur-du-deux-roues-va-tres-vite-devoir-se-ressaisir-sil-ne-souhaite-pas-sombrer\" target=\"blank\" rel=\"noopener\">Lire la suite&#8230;<\/a><\/p>\n","protected":false},"excerpt":{"rendered":"<p> <a class=\"continue-reading-link\" href=\"https:\/\/www.evearly.news\/fr\/cet-important-acteur-du-deux-roues-va-tres-vite-devoir-se-ressaisir-sil-ne-souhaite-pas-sombrer\/\"><\/a><\/p>\n","protected":false},"author":6,"featured_media":273991,"comment_status":"closed","ping_status":"open","sticky":false,"template":"Default","format":"standard","meta":{"footnotes":""},"categories":[6],"tags":[],"class_list":["post-273990","post","type-post","status-publish","format-standard","has-post-thumbnail","hentry","category-frandroid-moto"],"_links":{"self":[{"href":"https:\/\/www.evearly.news\/fr\/wp-json\/wp\/v2\/posts\/273990","targetHints":{"allow":["GET"]}}],"collection":[{"href":"https:\/\/www.evearly.news\/fr\/wp-json\/wp\/v2\/posts"}],"about":[{"href":"https:\/\/www.evearly.news\/fr\/wp-json\/wp\/v2\/types\/post"}],"author":[{"embeddable":true,"href":"https:\/\/www.evearly.news\/fr\/wp-json\/wp\/v2\/users\/6"}],"replies":[{"embeddable":true,"href":"https:\/\/www.evearly.news\/fr\/wp-json\/wp\/v2\/comments?post=273990"}],"version-history":[{"count":0,"href":"https:\/\/www.evearly.news\/fr\/wp-json\/wp\/v2\/posts\/273990\/revisions"}],"wp:featuredmedia":[{"embeddable":true,"href":"https:\/\/www.evearly.news\/fr\/wp-json\/wp\/v2\/media\/273991"}],"wp:attachment":[{"href":"https:\/\/www.evearly.news\/fr\/wp-json\/wp\/v2\/media?parent=273990"}],"wp:term":[{"taxonomy":"category","embeddable":true,"href":"https:\/\/www.evearly.news\/fr\/wp-json\/wp\/v2\/categories?post=273990"},{"taxonomy":"post_tag","embeddable":true,"href":"https:\/\/www.evearly.news\/fr\/wp-json\/wp\/v2\/tags?post=273990"}],"curies":[{"name":"wp","href":"https:\/\/api.w.org\/{rel}","templated":true}]}}