{"id":273992,"date":"2024-02-02T16:25:43","date_gmt":"2024-02-02T15:25:43","guid":{"rendered":"https:\/\/www.evearly.news\/fr\/tout-savoir-sur-le-memo-qui-remplace-la-vignette-verte-et-lattestation-dassurance-en-2024\/"},"modified":"2024-02-02T16:25:43","modified_gmt":"2024-02-02T15:25:43","slug":"tout-savoir-sur-le-memo-qui-remplace-la-vignette-verte-et-lattestation-dassurance-en-2024","status":"publish","type":"post","link":"https:\/\/www.evearly.news\/fr\/tout-savoir-sur-le-memo-qui-remplace-la-vignette-verte-et-lattestation-dassurance-en-2024\/","title":{"rendered":"Tout savoir sur le m\u00e9mo qui remplace la vignette verte et l\u2019attestation d\u2019assurance en 2024"},"content":{"rendered":"<p><img loading=\"lazy\" width=\"1400\" height=\"932\" src=\"https:\/\/www.evearly.news\/fr\/wp-content\/uploads\/sites\/6\/2024\/02\/tout-savoir-sur-le-memo-qui-remplace-la-vignette-verte-et-lattestation-dassurance-en-2024.jpg\" class=\"attachment-full size-full wp-post-image\" alt=\"Certificat D&#039;assurance Auto\" decoding=\"async\" srcset=\"https:\/\/www.evearly.news\/fr\/wp-content\/uploads\/sites\/6\/2024\/02\/tout-savoir-sur-le-memo-qui-remplace-la-vignette-verte-et-lattestation-dassurance-en-2024.jpg 1400w, https:\/\/www.evearly.news\/fr\/wp-content\/uploads\/sites\/6\/2024\/02\/tout-savoir-sur-le-memo-qui-remplace-la-vignette-verte-et-lattestation-dassurance-en-2024-1.jpg 505w, https:\/\/www.evearly.news\/fr\/wp-content\/uploads\/sites\/6\/2024\/02\/tout-savoir-sur-le-memo-qui-remplace-la-vignette-verte-et-lattestation-dassurance-en-2024-2.jpg 1024w, https:\/\/www.evearly.news\/fr\/wp-content\/uploads\/sites\/6\/2024\/02\/tout-savoir-sur-le-memo-qui-remplace-la-vignette-verte-et-lattestation-dassurance-en-2024-3.jpg 50w, https:\/\/www.evearly.news\/fr\/wp-content\/uploads\/sites\/6\/2024\/02\/tout-savoir-sur-le-memo-qui-remplace-la-vignette-verte-et-lattestation-dassurance-en-2024-4.jpg 336w, https:\/\/www.evearly.news\/fr\/wp-content\/uploads\/sites\/6\/2024\/02\/tout-savoir-sur-le-memo-qui-remplace-la-vignette-verte-et-lattestation-dassurance-en-2024-5.jpg 680w, https:\/\/www.presse-citron.net\/app\/uploads\/2023\/08\/la-vignette-verte-dassurance-disparait-en-2023-896x596.jpeg 896w\" sizes=\"auto, (max-width: 1400px) 100vw, 1400px\"><\/p>\n<p>La vignette verte dispara\u00eet, au profit Fichier des V\u00e9hicules Assur\u00e9s que les forces de l&rsquo;ordre peuvent facilement consulter, et d&rsquo;un \u00ab\u00a0m\u00e9mo\u00a0\u00bb &#8211; un nouveau document d\u00e9livr\u00e9 aux automobilistes.<a href=\"https:\/\/www.presse-citron.net\/tout-savoir-sur-le-memo-qui-remplace-la-vignette-verte-et-lattestation-dassurance-en-2024\/\" target='bwindow' rel=\"noopener\"> Lire la suite&#8230;<\/a><\/p>\n","protected":false},"excerpt":{"rendered":"<p>La vignette verte dispara\u00eet, au profit Fichier des V\u00e9hicules Assur\u00e9s que les forces de l&rsquo;ordre peuvent facilement consulter, et d&rsquo;un \u00ab\u00a0m\u00e9mo\u00a0\u00bb &#8211; un nouveau document d\u00e9livr\u00e9 aux automobilistes&#8230;. <a class=\"continue-reading-link\" href=\"https:\/\/www.evearly.news\/fr\/tout-savoir-sur-le-memo-qui-remplace-la-vignette-verte-et-lattestation-dassurance-en-2024\/\"><\/a><\/p>\n","protected":false},"author":18,"featured_media":273993,"comment_status":"closed","ping_status":"open","sticky":false,"template":"Default","format":"standard","meta":{"footnotes":""},"categories":[19],"tags":[],"class_list":["post-273992","post","type-post","status-publish","format-standard","has-post-thumbnail","hentry","category-presse-citron"],"_links":{"self":[{"href":"https:\/\/www.evearly.news\/fr\/wp-json\/wp\/v2\/posts\/273992","targetHints":{"allow":["GET"]}}],"collection":[{"href":"https:\/\/www.evearly.news\/fr\/wp-json\/wp\/v2\/posts"}],"about":[{"href":"https:\/\/www.evearly.news\/fr\/wp-json\/wp\/v2\/types\/post"}],"author":[{"embeddable":true,"href":"https:\/\/www.evearly.news\/fr\/wp-json\/wp\/v2\/users\/18"}],"replies":[{"embeddable":true,"href":"https:\/\/www.evearly.news\/fr\/wp-json\/wp\/v2\/comments?post=273992"}],"version-history":[{"count":0,"href":"https:\/\/www.evearly.news\/fr\/wp-json\/wp\/v2\/posts\/273992\/revisions"}],"wp:featuredmedia":[{"embeddable":true,"href":"https:\/\/www.evearly.news\/fr\/wp-json\/wp\/v2\/media\/273993"}],"wp:attachment":[{"href":"https:\/\/www.evearly.news\/fr\/wp-json\/wp\/v2\/media?parent=273992"}],"wp:term":[{"taxonomy":"category","embeddable":true,"href":"https:\/\/www.evearly.news\/fr\/wp-json\/wp\/v2\/categories?post=273992"},{"taxonomy":"post_tag","embeddable":true,"href":"https:\/\/www.evearly.news\/fr\/wp-json\/wp\/v2\/tags?post=273992"}],"curies":[{"name":"wp","href":"https:\/\/api.w.org\/{rel}","templated":true}]}}