{"id":274000,"date":"2024-02-02T17:25:25","date_gmt":"2024-02-02T16:25:25","guid":{"rendered":"https:\/\/www.evearly.news\/fr\/cette-marque-mythique-renait-de-ses-cendres-avec-une-voiture-electrique-tres-originale\/"},"modified":"2024-02-02T17:25:25","modified_gmt":"2024-02-02T16:25:25","slug":"cette-marque-mythique-renait-de-ses-cendres-avec-une-voiture-electrique-tres-originale","status":"publish","type":"post","link":"https:\/\/www.evearly.news\/fr\/cette-marque-mythique-renait-de-ses-cendres-avec-une-voiture-electrique-tres-originale\/","title":{"rendered":"Cette marque mythique rena\u00eet de ses cendres avec une voiture \u00e9lectrique tr\u00e8s originale"},"content":{"rendered":"<p><img loading=\"lazy\" width=\"1200\" height=\"400\" src=\"https:\/\/www.evearly.news\/fr\/wp-content\/uploads\/sites\/6\/2024\/02\/cette-marque-mythique-renait-de-ses-cendres-avec-une-voiture-electrique-tres-originale.jpg\" class=\"attachment-large size-large wp-post-image\" alt=\"\" decoding=\"async\" \/<br \/>Lancia vient de d\u00e9voiler les premi\u00e8res images de la nouvelle Ypsilon, sa premi\u00e8re voiture \u00e9lectrique. La marque, qui fait partie du groupe Stellantis, reprend la plateforme de la Peugeot E-208, et devrait donc reprendre les m\u00eames chiffres que la citadine fran\u00e7aise. <a href=\"https:\/\/www.frandroid.com\/survoltes\/voitures-electriques\/1930386_cette-marque-mythique-renait-de-ses-cendres-avec-une-voiture-electrique-tres-originale\" target=\"blank\" rel=\"noopener\">Lire la suite&#8230;<\/a><\/p>\n","protected":false},"excerpt":{"rendered":"<p>&lt;img width=&quot;1200&quot; height=&quot;400&quot; src=&quot;https:\/\/www.evearly.news\/fr\/wp-content\/uploads\/sites\/6\/2024\/02\/cette-marque-mythique-renait-de-ses-cendres-avec-une-voiture-electrique-tres-originale.jpg&quot; class=&quot;attachment-large size-large wp-post-image&quot; alt=&quot;&quot; decoding=&quot;async&quot; \/<br \/>Lancia vient de d\u00e9voiler les premi\u00e8res images de la nouvelle Ypsilon, sa premi\u00e8re voiture \u00e9lectrique. La marque, qui fait partie du groupe Stellantis, reprend la plateforme de la Peugeot E-208, et devrait donc reprendre les m\u00eames chiffres que la citadine fran\u00e7aise.<\/p>\n<p> <a class=\"continue-reading-link\" href=\"https:\/\/www.evearly.news\/fr\/cette-marque-mythique-renait-de-ses-cendres-avec-une-voiture-electrique-tres-originale\/\"><\/a><\/p>\n","protected":false},"author":6,"featured_media":274001,"comment_status":"closed","ping_status":"open","sticky":false,"template":"Default","format":"standard","meta":{"footnotes":""},"categories":[14],"tags":[],"class_list":["post-274000","post","type-post","status-publish","format-standard","has-post-thumbnail","hentry","category-frandroid"],"_links":{"self":[{"href":"https:\/\/www.evearly.news\/fr\/wp-json\/wp\/v2\/posts\/274000","targetHints":{"allow":["GET"]}}],"collection":[{"href":"https:\/\/www.evearly.news\/fr\/wp-json\/wp\/v2\/posts"}],"about":[{"href":"https:\/\/www.evearly.news\/fr\/wp-json\/wp\/v2\/types\/post"}],"author":[{"embeddable":true,"href":"https:\/\/www.evearly.news\/fr\/wp-json\/wp\/v2\/users\/6"}],"replies":[{"embeddable":true,"href":"https:\/\/www.evearly.news\/fr\/wp-json\/wp\/v2\/comments?post=274000"}],"version-history":[{"count":0,"href":"https:\/\/www.evearly.news\/fr\/wp-json\/wp\/v2\/posts\/274000\/revisions"}],"wp:featuredmedia":[{"embeddable":true,"href":"https:\/\/www.evearly.news\/fr\/wp-json\/wp\/v2\/media\/274001"}],"wp:attachment":[{"href":"https:\/\/www.evearly.news\/fr\/wp-json\/wp\/v2\/media?parent=274000"}],"wp:term":[{"taxonomy":"category","embeddable":true,"href":"https:\/\/www.evearly.news\/fr\/wp-json\/wp\/v2\/categories?post=274000"},{"taxonomy":"post_tag","embeddable":true,"href":"https:\/\/www.evearly.news\/fr\/wp-json\/wp\/v2\/tags?post=274000"}],"curies":[{"name":"wp","href":"https:\/\/api.w.org\/{rel}","templated":true}]}}