{"id":274002,"date":"2024-02-02T17:25:39","date_gmt":"2024-02-02T16:25:39","guid":{"rendered":"https:\/\/www.evearly.news\/fr\/nostalgique-des-annees-80-cette-citroen-ami-un-peu-speciale-va-vous-plaire-ou-pas\/"},"modified":"2024-02-02T17:25:39","modified_gmt":"2024-02-02T16:25:39","slug":"nostalgique-des-annees-80-cette-citroen-ami-un-peu-speciale-va-vous-plaire-ou-pas","status":"publish","type":"post","link":"https:\/\/www.evearly.news\/fr\/nostalgique-des-annees-80-cette-citroen-ami-un-peu-speciale-va-vous-plaire-ou-pas\/","title":{"rendered":"Nostalgique des ann\u00e9es 80 ? Cette Citro\u00ebn Ami un peu sp\u00e9ciale va vous plaire (ou pas)"},"content":{"rendered":"<p><img width=\"1200\" height=\"762\" src=\"https:\/\/www.evearly.news\/fr\/wp-content\/uploads\/sites\/6\/2024\/02\/nostalgique-des-annees-80-cette-citroen-ami-un-peu-speciale-va-vous-plaire-ou-pas.jpg\" class=\"attachment-large size-large wp-post-image\" alt=\"\" decoding=\"async\" loading=\"lazy\" \/<br \/>La Citro\u00ebn Ami, ce petit quadricycle \u00e9lectrique l\u00e9ger \u00e0 moteur, rencontre un sacr\u00e9 succ\u00e8s en Europe. Les sympathiques d\u00e9clinaisons en hommage \u00e0 certains mod\u00e8les iconiques de l&rsquo;industrie automobile ne manquent pas, \u00e0 l&rsquo;image de cette version qui s&rsquo;inspire de la 2CV Charleston. <a href=\"https:\/\/www.frandroid.com\/marques\/citroen\/1929962_nostalgique-des-annees-80-cette-citroen-ami-un-peu-speciale-va-vous-plaire-ou-pas\" target=\"blank\" rel=\"noopener\">Lire la suite&#8230;<\/a><\/p>\n","protected":false},"excerpt":{"rendered":"<p>&lt;img width=&quot;1200&quot; height=&quot;762&quot; src=&quot;https:\/\/www.evearly.news\/fr\/wp-content\/uploads\/sites\/6\/2024\/02\/nostalgique-des-annees-80-cette-citroen-ami-un-peu-speciale-va-vous-plaire-ou-pas.jpg&quot; class=&quot;attachment-large size-large wp-post-image&quot; alt=&quot;&quot; decoding=&quot;async&quot; loading=&quot;lazy&quot; \/<br \/>La Citro\u00ebn Ami, ce petit quadricycle \u00e9lectrique l\u00e9ger \u00e0 moteur, rencontre un sacr\u00e9 succ\u00e8s en Europe. Les sympathiques d\u00e9clinaisons en hommage \u00e0 certains mod\u00e8les iconiques de l&rsquo;industrie automobile ne manquent pas, \u00e0 l&rsquo;image de cette version qui s&rsquo;inspire de la 2CV Charleston.<\/p>\n<p> <a class=\"continue-reading-link\" href=\"https:\/\/www.evearly.news\/fr\/nostalgique-des-annees-80-cette-citroen-ami-un-peu-speciale-va-vous-plaire-ou-pas\/\"><\/a><\/p>\n","protected":false},"author":6,"featured_media":274003,"comment_status":"closed","ping_status":"open","sticky":false,"template":"Default","format":"standard","meta":{"footnotes":""},"categories":[14],"tags":[],"class_list":["post-274002","post","type-post","status-publish","format-standard","has-post-thumbnail","hentry","category-frandroid"],"_links":{"self":[{"href":"https:\/\/www.evearly.news\/fr\/wp-json\/wp\/v2\/posts\/274002","targetHints":{"allow":["GET"]}}],"collection":[{"href":"https:\/\/www.evearly.news\/fr\/wp-json\/wp\/v2\/posts"}],"about":[{"href":"https:\/\/www.evearly.news\/fr\/wp-json\/wp\/v2\/types\/post"}],"author":[{"embeddable":true,"href":"https:\/\/www.evearly.news\/fr\/wp-json\/wp\/v2\/users\/6"}],"replies":[{"embeddable":true,"href":"https:\/\/www.evearly.news\/fr\/wp-json\/wp\/v2\/comments?post=274002"}],"version-history":[{"count":0,"href":"https:\/\/www.evearly.news\/fr\/wp-json\/wp\/v2\/posts\/274002\/revisions"}],"wp:featuredmedia":[{"embeddable":true,"href":"https:\/\/www.evearly.news\/fr\/wp-json\/wp\/v2\/media\/274003"}],"wp:attachment":[{"href":"https:\/\/www.evearly.news\/fr\/wp-json\/wp\/v2\/media?parent=274002"}],"wp:term":[{"taxonomy":"category","embeddable":true,"href":"https:\/\/www.evearly.news\/fr\/wp-json\/wp\/v2\/categories?post=274002"},{"taxonomy":"post_tag","embeddable":true,"href":"https:\/\/www.evearly.news\/fr\/wp-json\/wp\/v2\/tags?post=274002"}],"curies":[{"name":"wp","href":"https:\/\/api.w.org\/{rel}","templated":true}]}}