{"id":274014,"date":"2024-02-03T09:50:51","date_gmt":"2024-02-03T08:50:51","guid":{"rendered":"https:\/\/www.evearly.news\/fr\/si-vous-passez-a-la-voiture-electrique-vous-etes-fichu\/"},"modified":"2024-02-03T09:50:51","modified_gmt":"2024-02-03T08:50:51","slug":"si-vous-passez-a-la-voiture-electrique-vous-etes-fichu","status":"publish","type":"post","link":"https:\/\/www.evearly.news\/fr\/si-vous-passez-a-la-voiture-electrique-vous-etes-fichu\/","title":{"rendered":"Si vous passez \u00e0 la voiture \u00e9lectrique, vous \u00eates fichu !"},"content":{"rendered":"<p><img loading=\"lazy\" decoding=\"async\" width=\"500\" height=\"333\" src=\"https:\/\/www.evearly.news\/fr\/wp-content\/uploads\/sites\/6\/2024\/02\/si-vous-passez-a-la-voiture-electrique-vous-etes-fichu.jpg\" class=\"attachment-1200x800 size-1200x800 wp-post-image\" alt=\"\" srcset=\"https:\/\/www.evearly.news\/fr\/wp-content\/uploads\/sites\/6\/2024\/02\/si-vous-passez-a-la-voiture-electrique-vous-etes-fichu.jpg 1680w, https:\/\/www.evearly.news\/fr\/wp-content\/uploads\/sites\/6\/2024\/02\/si-vous-passez-a-la-voiture-electrique-vous-etes-fichu-1.jpg 1640w, https:\/\/www.evearly.news\/fr\/wp-content\/uploads\/sites\/6\/2024\/02\/si-vous-passez-a-la-voiture-electrique-vous-etes-fichu-2.jpg 1024w, https:\/\/www.evearly.news\/fr\/wp-content\/uploads\/sites\/6\/2024\/02\/si-vous-passez-a-la-voiture-electrique-vous-etes-fichu-3.jpg 768w, https:\/\/www.evearly.news\/fr\/wp-content\/uploads\/sites\/6\/2024\/02\/si-vous-passez-a-la-voiture-electrique-vous-etes-fichu-4.jpg 1536w, https:\/\/cdn.automobile-propre.com\/uploads\/2024\/01\/Enquete-chaine-ev-551x413.jpg 551w\" sizes=\"auto, (max-width: 1067px) 100vw, 1067px\" \/><br \/>\nUne grande enqu\u00eate r\u00e9alis\u00e9e par une cha\u00eene Youtube sp\u00e9cialis\u00e9e met en \u00e9vidence l\u2019impressionnant taux de satisfaction des propri\u00e9taires de voiture \u00e9lectrique qui ne se voient pas repasser \u00e0 la voiture thermique. Un r\u00e9sultat qui vient contredire une pr\u00e9c\u00e9dente \u00e9tude qui affirmait qu\u2019une majorit\u00e9 d\u2019utilisateurs de voitures \u00e9lectriques regrettaient leur achat.\u00a0<a href=\"https:\/\/www.automobile-propre.com\/si-vous-passez-a-la-voiture-electrique-vous-etes-fichu\/\" target='bwindow' rel=\"noopener\">Lire la suite&#8230;<\/a><\/p>\n","protected":false},"excerpt":{"rendered":"<p>&#8230; <a class=\"continue-reading-link\" href=\"https:\/\/www.evearly.news\/fr\/si-vous-passez-a-la-voiture-electrique-vous-etes-fichu\/\"><\/a><\/p>\n","protected":false},"author":8,"featured_media":274015,"comment_status":"closed","ping_status":"open","sticky":false,"template":"Default","format":"standard","meta":{"footnotes":""},"categories":[8],"tags":[],"class_list":["post-274014","post","type-post","status-publish","format-standard","has-post-thumbnail","hentry","category-automobile-propre"],"_links":{"self":[{"href":"https:\/\/www.evearly.news\/fr\/wp-json\/wp\/v2\/posts\/274014","targetHints":{"allow":["GET"]}}],"collection":[{"href":"https:\/\/www.evearly.news\/fr\/wp-json\/wp\/v2\/posts"}],"about":[{"href":"https:\/\/www.evearly.news\/fr\/wp-json\/wp\/v2\/types\/post"}],"author":[{"embeddable":true,"href":"https:\/\/www.evearly.news\/fr\/wp-json\/wp\/v2\/users\/8"}],"replies":[{"embeddable":true,"href":"https:\/\/www.evearly.news\/fr\/wp-json\/wp\/v2\/comments?post=274014"}],"version-history":[{"count":0,"href":"https:\/\/www.evearly.news\/fr\/wp-json\/wp\/v2\/posts\/274014\/revisions"}],"wp:featuredmedia":[{"embeddable":true,"href":"https:\/\/www.evearly.news\/fr\/wp-json\/wp\/v2\/media\/274015"}],"wp:attachment":[{"href":"https:\/\/www.evearly.news\/fr\/wp-json\/wp\/v2\/media?parent=274014"}],"wp:term":[{"taxonomy":"category","embeddable":true,"href":"https:\/\/www.evearly.news\/fr\/wp-json\/wp\/v2\/categories?post=274014"},{"taxonomy":"post_tag","embeddable":true,"href":"https:\/\/www.evearly.news\/fr\/wp-json\/wp\/v2\/tags?post=274014"}],"curies":[{"name":"wp","href":"https:\/\/api.w.org\/{rel}","templated":true}]}}