{"id":274016,"date":"2024-02-03T10:57:40","date_gmt":"2024-02-03T09:57:40","guid":{"rendered":"https:\/\/www.evearly.news\/fr\/inconscient-il-utilise-deja-le-casque-apple-vision-pro-en-conduisant-sa-tesla\/"},"modified":"2024-02-03T10:57:40","modified_gmt":"2024-02-03T09:57:40","slug":"inconscient-il-utilise-deja-le-casque-apple-vision-pro-en-conduisant-sa-tesla","status":"publish","type":"post","link":"https:\/\/www.evearly.news\/fr\/inconscient-il-utilise-deja-le-casque-apple-vision-pro-en-conduisant-sa-tesla\/","title":{"rendered":"Inconscient, il utilise d\u00e9j\u00e0 le casque Apple Vision Pro en conduisant sa Tesla"},"content":{"rendered":"<p><img width=\"1024\" height=\"576\" src=\"https:\/\/www.evearly.news\/fr\/wp-content\/uploads\/sites\/6\/2024\/02\/inconscient-il-utilise-deja-le-casque-apple-vision-pro-en-conduisant-sa-tesla.jpg\" class=\"attachment-large size-large wp-post-image\" alt=\"\" decoding=\"async\" loading=\"lazy\" \/><br \/>\nUn propri\u00e9taire d&rsquo;un casque Apple Vision Pro, disponible depuis le 2 f\u00e9vrier 2024, a publi\u00e9 une vid\u00e9o de lui o\u00f9 on le voit l&rsquo;utiliser au volant d&rsquo;une Tesla. C&rsquo;est bien \u00e9videmment interdit.<br \/>\n <a href=\"https:\/\/www.numerama.com\/vroom\/1623602-inconscient-il-utilise-deja-le-casque-apple-vision-pro-en-conduisant-sa-tesla.html\" target='bwindow' rel=\"noopener\">Lire la suite&#8230;<\/a><\/p>\n","protected":false},"excerpt":{"rendered":"<p>&#8230; <a class=\"continue-reading-link\" href=\"https:\/\/www.evearly.news\/fr\/inconscient-il-utilise-deja-le-casque-apple-vision-pro-en-conduisant-sa-tesla\/\"><\/a><\/p>\n","protected":false},"author":16,"featured_media":274017,"comment_status":"closed","ping_status":"open","sticky":false,"template":"Default","format":"standard","meta":{"footnotes":""},"categories":[17],"tags":[],"class_list":["post-274016","post","type-post","status-publish","format-standard","has-post-thumbnail","hentry","category-numerama"],"_links":{"self":[{"href":"https:\/\/www.evearly.news\/fr\/wp-json\/wp\/v2\/posts\/274016","targetHints":{"allow":["GET"]}}],"collection":[{"href":"https:\/\/www.evearly.news\/fr\/wp-json\/wp\/v2\/posts"}],"about":[{"href":"https:\/\/www.evearly.news\/fr\/wp-json\/wp\/v2\/types\/post"}],"author":[{"embeddable":true,"href":"https:\/\/www.evearly.news\/fr\/wp-json\/wp\/v2\/users\/16"}],"replies":[{"embeddable":true,"href":"https:\/\/www.evearly.news\/fr\/wp-json\/wp\/v2\/comments?post=274016"}],"version-history":[{"count":0,"href":"https:\/\/www.evearly.news\/fr\/wp-json\/wp\/v2\/posts\/274016\/revisions"}],"wp:featuredmedia":[{"embeddable":true,"href":"https:\/\/www.evearly.news\/fr\/wp-json\/wp\/v2\/media\/274017"}],"wp:attachment":[{"href":"https:\/\/www.evearly.news\/fr\/wp-json\/wp\/v2\/media?parent=274016"}],"wp:term":[{"taxonomy":"category","embeddable":true,"href":"https:\/\/www.evearly.news\/fr\/wp-json\/wp\/v2\/categories?post=274016"},{"taxonomy":"post_tag","embeddable":true,"href":"https:\/\/www.evearly.news\/fr\/wp-json\/wp\/v2\/tags?post=274016"}],"curies":[{"name":"wp","href":"https:\/\/api.w.org\/{rel}","templated":true}]}}