{"id":274038,"date":"2024-02-03T20:54:45","date_gmt":"2024-02-03T19:54:45","guid":{"rendered":"https:\/\/www.evearly.news\/fr\/faillite-dun-geant-du-velo-lessai-peugeot-qui-tourne-mal-et-la-polestar-4-en-europe-lactu-survoltes-de-la-semaine\/"},"modified":"2024-02-03T20:54:45","modified_gmt":"2024-02-03T19:54:45","slug":"faillite-dun-geant-du-velo-lessai-peugeot-qui-tourne-mal-et-la-polestar-4-en-europe-lactu-survoltes-de-la-semaine","status":"publish","type":"post","link":"https:\/\/www.evearly.news\/fr\/faillite-dun-geant-du-velo-lessai-peugeot-qui-tourne-mal-et-la-polestar-4-en-europe-lactu-survoltes-de-la-semaine\/","title":{"rendered":"Faillite d\u2019un g\u00e9ant du v\u00e9lo, l\u2019essai Peugeot qui tourne mal et la Polestar 4 en Europe \u2013 L\u2019actu Survolt\u00e9s de la semaine"},"content":{"rendered":"<p><img loading=\"lazy\" width=\"1200\" height=\"726\" src=\"https:\/\/www.evearly.news\/fr\/wp-content\/uploads\/sites\/6\/2024\/02\/faillite-dun-geant-du-velo-lessai-peugeot-qui-tourne-mal-et-la-polestar-4-en-europe-lactu-survoltes-de-la-semaine.jpg\" class=\"attachment-large size-large wp-post-image\" alt=\"internetstores v\u00e9lo\" decoding=\"async\" \/<br \/>La semaine du 29\u00a0janvier 2024 a \u00e9t\u00e9 malheureusement marqu\u00e9e par une nouvelle faillite dans le secteur du v\u00e9lo, fortement touch\u00e9 par la bulle post Covid-19. \u00c0 noter aussi un essai de Peugeot\u00a0308 \u00e9lectrique qui tourne au vinaigre, ainsi que l\u2019arriv\u00e9e de la Polestar\u00a04 en Europe. <a href=\"https:\/\/www.frandroid.com\/survoltes\/velo-electrique\/1930484_faillite-dun-geant-du-velo-lessai-peugeot-qui-tourne-mal-et-la-polestar-4-en-europe-lactu-survoltes-de-la-semaine\" target=\"blank\" rel=\"noopener\">Lire la suite&#8230;<\/a><\/p>\n","protected":false},"excerpt":{"rendered":"<p>&lt;img width=&quot;1200&quot; height=&quot;726&quot; src=&quot;https:\/\/www.evearly.news\/fr\/wp-content\/uploads\/sites\/6\/2024\/02\/faillite-dun-geant-du-velo-lessai-peugeot-qui-tourne-mal-et-la-polestar-4-en-europe-lactu-survoltes-de-la-semaine.jpg&quot; class=&quot;attachment-large size-large wp-post-image&quot; alt=&quot;internetstores v\u00e9lo&quot; decoding=&quot;async&quot; \/<br \/>La semaine du 29\u00a0janvier 2024 a \u00e9t\u00e9 malheureusement marqu\u00e9e par une nouvelle faillite dans le secteur du v\u00e9lo, fortement touch\u00e9 par la bulle post Covid-19. \u00c0 noter aussi un essai de Peugeot\u00a0308 \u00e9lectrique qui tourne au vinaigre, ainsi que l\u2019arriv\u00e9e de la Polestar\u00a04 en Europe.<\/p>\n<p> <a class=\"continue-reading-link\" href=\"https:\/\/www.evearly.news\/fr\/faillite-dun-geant-du-velo-lessai-peugeot-qui-tourne-mal-et-la-polestar-4-en-europe-lactu-survoltes-de-la-semaine\/\"><\/a><\/p>\n","protected":false},"author":6,"featured_media":274039,"comment_status":"closed","ping_status":"open","sticky":false,"template":"Default","format":"standard","meta":{"footnotes":""},"categories":[14],"tags":[],"class_list":["post-274038","post","type-post","status-publish","format-standard","has-post-thumbnail","hentry","category-frandroid"],"_links":{"self":[{"href":"https:\/\/www.evearly.news\/fr\/wp-json\/wp\/v2\/posts\/274038","targetHints":{"allow":["GET"]}}],"collection":[{"href":"https:\/\/www.evearly.news\/fr\/wp-json\/wp\/v2\/posts"}],"about":[{"href":"https:\/\/www.evearly.news\/fr\/wp-json\/wp\/v2\/types\/post"}],"author":[{"embeddable":true,"href":"https:\/\/www.evearly.news\/fr\/wp-json\/wp\/v2\/users\/6"}],"replies":[{"embeddable":true,"href":"https:\/\/www.evearly.news\/fr\/wp-json\/wp\/v2\/comments?post=274038"}],"version-history":[{"count":0,"href":"https:\/\/www.evearly.news\/fr\/wp-json\/wp\/v2\/posts\/274038\/revisions"}],"wp:featuredmedia":[{"embeddable":true,"href":"https:\/\/www.evearly.news\/fr\/wp-json\/wp\/v2\/media\/274039"}],"wp:attachment":[{"href":"https:\/\/www.evearly.news\/fr\/wp-json\/wp\/v2\/media?parent=274038"}],"wp:term":[{"taxonomy":"category","embeddable":true,"href":"https:\/\/www.evearly.news\/fr\/wp-json\/wp\/v2\/categories?post=274038"},{"taxonomy":"post_tag","embeddable":true,"href":"https:\/\/www.evearly.news\/fr\/wp-json\/wp\/v2\/tags?post=274038"}],"curies":[{"name":"wp","href":"https:\/\/api.w.org\/{rel}","templated":true}]}}