{"id":274048,"date":"2024-02-04T11:20:53","date_gmt":"2024-02-04T10:20:53","guid":{"rendered":"https:\/\/www.evearly.news\/fr\/les-suv-electriques-sont-ils-trop-lourds-pour-les-glissieres-de-securite\/"},"modified":"2024-02-04T11:20:53","modified_gmt":"2024-02-04T10:20:53","slug":"les-suv-electriques-sont-ils-trop-lourds-pour-les-glissieres-de-securite","status":"publish","type":"post","link":"https:\/\/www.evearly.news\/fr\/les-suv-electriques-sont-ils-trop-lourds-pour-les-glissieres-de-securite\/","title":{"rendered":"Les SUV \u00e9lectriques sont-ils trop lourds pour les glissi\u00e8res de s\u00e9curit\u00e9 ?"},"content":{"rendered":"<p><img decoding=\"async\" width=\"500\" height=\"333\" src=\"https:\/\/www.evearly.news\/fr\/wp-content\/uploads\/sites\/6\/2024\/02\/les-suv-electriques-sont-ils-trop-lourds-pour-les-glissieres-de-securite.jpg\" class=\"attachment-1200x800 size-1200x800 wp-post-image\" alt=\"\" loading=\"lazy\" srcset=\"https:\/\/www.evearly.news\/fr\/wp-content\/uploads\/sites\/6\/2024\/02\/les-suv-electriques-sont-ils-trop-lourds-pour-les-glissieres-de-securite.jpg 1536w, https:\/\/www.evearly.news\/fr\/wp-content\/uploads\/sites\/6\/2024\/02\/les-suv-electriques-sont-ils-trop-lourds-pour-les-glissieres-de-securite-1.jpg 1024w, https:\/\/www.evearly.news\/fr\/wp-content\/uploads\/sites\/6\/2024\/02\/les-suv-electriques-sont-ils-trop-lourds-pour-les-glissieres-de-securite-2.jpg 140w, https:\/\/www.evearly.news\/fr\/wp-content\/uploads\/sites\/6\/2024\/02\/les-suv-electriques-sont-ils-trop-lourds-pour-les-glissieres-de-securite-3.jpg 768w, https:\/\/www.evearly.news\/fr\/wp-content\/uploads\/sites\/6\/2024\/02\/les-suv-electriques-sont-ils-trop-lourds-pour-les-glissieres-de-securite-4.jpg 620w, https:\/\/www.evearly.news\/fr\/wp-content\/uploads\/sites\/6\/2024\/02\/les-suv-electriques-sont-ils-trop-lourds-pour-les-glissieres-de-securite-5.jpg 100w, https:\/\/www.evearly.news\/fr\/wp-content\/uploads\/sites\/6\/2024\/02\/les-suv-electriques-sont-ils-trop-lourds-pour-les-glissieres-de-securite-6.jpg 190w, https:\/\/www.evearly.news\/fr\/wp-content\/uploads\/sites\/6\/2024\/02\/les-suv-electriques-sont-ils-trop-lourds-pour-les-glissieres-de-securite-7.jpg 600w, https:\/\/cdn.automobile-propre.com\/uploads\/2024\/02\/3008-peugeot.jpeg 1600w\" sizes=\"auto, (max-width: 1200px) 100vw, 1200px\" \/><br \/>\nUne r\u00e9cente \u00e9tude a montr\u00e9 que les glissi\u00e8res de s\u00e9curit\u00e9 sur les autoroutes ne faisaient pas le poids face aux\u2026\u00a0<a href=\"https:\/\/www.automobile-propre.com\/les-suv-electriques-sont-ils-trop-lourds-pour-les-glissieres-de-securite\/\" target='bwindow' rel=\"noopener\">Lire la suite&#8230;<\/a><\/p>\n","protected":false},"excerpt":{"rendered":"<p>&#8230; <a class=\"continue-reading-link\" href=\"https:\/\/www.evearly.news\/fr\/les-suv-electriques-sont-ils-trop-lourds-pour-les-glissieres-de-securite\/\"><\/a><\/p>\n","protected":false},"author":8,"featured_media":274049,"comment_status":"closed","ping_status":"open","sticky":false,"template":"Default","format":"standard","meta":{"footnotes":""},"categories":[8],"tags":[],"class_list":["post-274048","post","type-post","status-publish","format-standard","has-post-thumbnail","hentry","category-automobile-propre"],"_links":{"self":[{"href":"https:\/\/www.evearly.news\/fr\/wp-json\/wp\/v2\/posts\/274048","targetHints":{"allow":["GET"]}}],"collection":[{"href":"https:\/\/www.evearly.news\/fr\/wp-json\/wp\/v2\/posts"}],"about":[{"href":"https:\/\/www.evearly.news\/fr\/wp-json\/wp\/v2\/types\/post"}],"author":[{"embeddable":true,"href":"https:\/\/www.evearly.news\/fr\/wp-json\/wp\/v2\/users\/8"}],"replies":[{"embeddable":true,"href":"https:\/\/www.evearly.news\/fr\/wp-json\/wp\/v2\/comments?post=274048"}],"version-history":[{"count":0,"href":"https:\/\/www.evearly.news\/fr\/wp-json\/wp\/v2\/posts\/274048\/revisions"}],"wp:featuredmedia":[{"embeddable":true,"href":"https:\/\/www.evearly.news\/fr\/wp-json\/wp\/v2\/media\/274049"}],"wp:attachment":[{"href":"https:\/\/www.evearly.news\/fr\/wp-json\/wp\/v2\/media?parent=274048"}],"wp:term":[{"taxonomy":"category","embeddable":true,"href":"https:\/\/www.evearly.news\/fr\/wp-json\/wp\/v2\/categories?post=274048"},{"taxonomy":"post_tag","embeddable":true,"href":"https:\/\/www.evearly.news\/fr\/wp-json\/wp\/v2\/tags?post=274048"}],"curies":[{"name":"wp","href":"https:\/\/api.w.org\/{rel}","templated":true}]}}