{"id":274050,"date":"2024-02-04T11:51:40","date_gmt":"2024-02-04T10:51:40","guid":{"rendered":"https:\/\/www.evearly.news\/fr\/hyundai-va-fournir-un-nouvel-utilitaire-electrique-a-iveco\/"},"modified":"2024-02-04T11:51:40","modified_gmt":"2024-02-04T10:51:40","slug":"hyundai-va-fournir-un-nouvel-utilitaire-electrique-a-iveco","status":"publish","type":"post","link":"https:\/\/www.evearly.news\/fr\/hyundai-va-fournir-un-nouvel-utilitaire-electrique-a-iveco\/","title":{"rendered":"Hyundai va fournir un nouvel utilitaire \u00e9lectrique \u00e0 Iveco"},"content":{"rendered":"<p><img loading=\"lazy\" decoding=\"async\" width=\"500\" height=\"333\" src=\"https:\/\/www.evearly.news\/fr\/wp-content\/uploads\/sites\/6\/2024\/02\/hyundai-va-fournir-un-nouvel-utilitaire-electrique-a-iveco.jpg\" class=\"attachment-1200x800 size-1200x800 wp-post-image\" alt=\"Hyundai &#038; Iveco\" srcset=\"https:\/\/www.evearly.news\/fr\/wp-content\/uploads\/sites\/6\/2024\/02\/hyundai-va-fournir-un-nouvel-utilitaire-electrique-a-iveco.jpg 1024w, https:\/\/www.evearly.news\/fr\/wp-content\/uploads\/sites\/6\/2024\/02\/hyundai-va-fournir-un-nouvel-utilitaire-electrique-a-iveco-1.jpg 768w, https:\/\/cdn.automobile-propre.com\/uploads\/2024\/02\/hyundai-to-supply-elcv-to-iveco-group-europe-578x413.jpeg 578w\" sizes=\"auto, (max-width: 1024px) 100vw, 1024px\" \/><br \/>\nHyundai et Iveco viennent de s&rsquo;associer dans le domaine des v\u00e9hicules utilitaires. Le constructeur italien \u00e9tendra prochainement sa gamme vers le bas avec un nouveau mod\u00e8le \u00e9lectrique fourni par Hyundai.\u00a0<a href=\"https:\/\/www.automobile-propre.com\/breves\/hyundai-va-fournir-un-nouvel-utilitaire-electrique-a-iveco\/\" target='bwindow' rel=\"noopener\">Lire la suite&#8230;<\/a><\/p>\n","protected":false},"excerpt":{"rendered":"<p>&#8230; <a class=\"continue-reading-link\" href=\"https:\/\/www.evearly.news\/fr\/hyundai-va-fournir-un-nouvel-utilitaire-electrique-a-iveco\/\"><\/a><\/p>\n","protected":false},"author":8,"featured_media":274051,"comment_status":"closed","ping_status":"open","sticky":false,"template":"Default","format":"standard","meta":{"footnotes":""},"categories":[8],"tags":[],"class_list":["post-274050","post","type-post","status-publish","format-standard","has-post-thumbnail","hentry","category-automobile-propre"],"_links":{"self":[{"href":"https:\/\/www.evearly.news\/fr\/wp-json\/wp\/v2\/posts\/274050","targetHints":{"allow":["GET"]}}],"collection":[{"href":"https:\/\/www.evearly.news\/fr\/wp-json\/wp\/v2\/posts"}],"about":[{"href":"https:\/\/www.evearly.news\/fr\/wp-json\/wp\/v2\/types\/post"}],"author":[{"embeddable":true,"href":"https:\/\/www.evearly.news\/fr\/wp-json\/wp\/v2\/users\/8"}],"replies":[{"embeddable":true,"href":"https:\/\/www.evearly.news\/fr\/wp-json\/wp\/v2\/comments?post=274050"}],"version-history":[{"count":0,"href":"https:\/\/www.evearly.news\/fr\/wp-json\/wp\/v2\/posts\/274050\/revisions"}],"wp:featuredmedia":[{"embeddable":true,"href":"https:\/\/www.evearly.news\/fr\/wp-json\/wp\/v2\/media\/274051"}],"wp:attachment":[{"href":"https:\/\/www.evearly.news\/fr\/wp-json\/wp\/v2\/media?parent=274050"}],"wp:term":[{"taxonomy":"category","embeddable":true,"href":"https:\/\/www.evearly.news\/fr\/wp-json\/wp\/v2\/categories?post=274050"},{"taxonomy":"post_tag","embeddable":true,"href":"https:\/\/www.evearly.news\/fr\/wp-json\/wp\/v2\/tags?post=274050"}],"curies":[{"name":"wp","href":"https:\/\/api.w.org\/{rel}","templated":true}]}}