{"id":274056,"date":"2024-02-04T15:53:01","date_gmt":"2024-02-04T14:53:01","guid":{"rendered":"https:\/\/www.evearly.news\/fr\/effy-prone-lacceleration-du-solaire-pour-sa-vision-de-la-maison-effyciente\/"},"modified":"2024-02-04T15:53:01","modified_gmt":"2024-02-04T14:53:01","slug":"effy-prone-lacceleration-du-solaire-pour-sa-vision-de-la-maison-effyciente","status":"publish","type":"post","link":"https:\/\/www.evearly.news\/fr\/effy-prone-lacceleration-du-solaire-pour-sa-vision-de-la-maison-effyciente\/","title":{"rendered":"Effy pr\u00f4ne l\u2019acc\u00e9l\u00e9ration du solaire pour sa vision de la maison \u201cEffyciente\u201d"},"content":{"rendered":"<p><img decoding=\"async\" src=\"https:\/\/tecsol.blogs.com\/.a\/6a00d8341bfe5d53ef02c8d3a6266e200c-580wi\" alt=\"Fr\u00e9d\u00e9ric_Utzmann_Effy\"><br \/>Effy, pionnier de la r\u00e9novation \u00e9nerg\u00e9tique en France depuis 15 ans, d\u00e9voile sa nouvelle vision de la maison \u2018Effyciente\u2019 pour permettre \u00e0 toutes les familles de mieux vivre, mieux consommer, mieux agir sur l\u2019\u00e9nergie dans leur logement. Une d\u00e9marche qui&#8230; <a href=\"https:\/\/feeds.feedblitz.com\/~\/867960911\/0\/tecsol~Effy-pr%c3%b4ne-l%e2%80%99acc%c3%a9l%c3%a9ration-du-solaire-pour-sa-vision-de-la-maison-%e2%80%9cEffyciente%e2%80%9d.html\" target='bwindow' rel=\"noopener\">Lire la suite&#8230;<\/a><\/p>\n","protected":false},"excerpt":{"rendered":"<p>&#8230; <a class=\"continue-reading-link\" href=\"https:\/\/www.evearly.news\/fr\/effy-prone-lacceleration-du-solaire-pour-sa-vision-de-la-maison-effyciente\/\"><\/a><\/p>\n","protected":false},"author":25,"featured_media":0,"comment_status":"closed","ping_status":"open","sticky":false,"template":"Default","format":"standard","meta":{"footnotes":""},"categories":[22],"tags":[],"class_list":["post-274056","post","type-post","status-publish","format-standard","hentry","category-tecsol"],"_links":{"self":[{"href":"https:\/\/www.evearly.news\/fr\/wp-json\/wp\/v2\/posts\/274056","targetHints":{"allow":["GET"]}}],"collection":[{"href":"https:\/\/www.evearly.news\/fr\/wp-json\/wp\/v2\/posts"}],"about":[{"href":"https:\/\/www.evearly.news\/fr\/wp-json\/wp\/v2\/types\/post"}],"author":[{"embeddable":true,"href":"https:\/\/www.evearly.news\/fr\/wp-json\/wp\/v2\/users\/25"}],"replies":[{"embeddable":true,"href":"https:\/\/www.evearly.news\/fr\/wp-json\/wp\/v2\/comments?post=274056"}],"version-history":[{"count":0,"href":"https:\/\/www.evearly.news\/fr\/wp-json\/wp\/v2\/posts\/274056\/revisions"}],"wp:attachment":[{"href":"https:\/\/www.evearly.news\/fr\/wp-json\/wp\/v2\/media?parent=274056"}],"wp:term":[{"taxonomy":"category","embeddable":true,"href":"https:\/\/www.evearly.news\/fr\/wp-json\/wp\/v2\/categories?post=274056"},{"taxonomy":"post_tag","embeddable":true,"href":"https:\/\/www.evearly.news\/fr\/wp-json\/wp\/v2\/tags?post=274056"}],"curies":[{"name":"wp","href":"https:\/\/api.w.org\/{rel}","templated":true}]}}