{"id":274057,"date":"2024-02-04T16:21:40","date_gmt":"2024-02-04T15:21:40","guid":{"rendered":"https:\/\/www.evearly.news\/fr\/voici-le-nouveau-petit-suv-electrique-de-byd\/"},"modified":"2024-02-04T16:21:40","modified_gmt":"2024-02-04T15:21:40","slug":"voici-le-nouveau-petit-suv-electrique-de-byd","status":"publish","type":"post","link":"https:\/\/www.evearly.news\/fr\/voici-le-nouveau-petit-suv-electrique-de-byd\/","title":{"rendered":"Voici le nouveau petit SUV \u00e9lectrique de BYD"},"content":{"rendered":"<p><img loading=\"lazy\" decoding=\"async\" width=\"500\" height=\"333\" src=\"https:\/\/www.evearly.news\/fr\/wp-content\/uploads\/sites\/6\/2024\/02\/voici-le-nouveau-petit-suv-electrique-de-byd.jpg\" class=\"attachment-1200x800 size-1200x800 wp-post-image\" alt=\"BYD Yuan Up\" srcset=\"https:\/\/www.evearly.news\/fr\/wp-content\/uploads\/sites\/6\/2024\/02\/voici-le-nouveau-petit-suv-electrique-de-byd.jpg 1451w, https:\/\/www.evearly.news\/fr\/wp-content\/uploads\/sites\/6\/2024\/02\/voici-le-nouveau-petit-suv-electrique-de-byd-1.jpg 1024w, https:\/\/www.evearly.news\/fr\/wp-content\/uploads\/sites\/6\/2024\/02\/voici-le-nouveau-petit-suv-electrique-de-byd-2.jpg 768w, https:\/\/cdn.automobile-propre.com\/uploads\/2024\/02\/BYD_Yuan-Up_06-620x322.jpg 620w\" sizes=\"auto, (max-width: 1200px) 100vw, 1200px\" \/><br \/>\nBYD s&rsquo;appr\u00eate \u00e0 lancer sur le march\u00e9 chinois un tout nouveau petit SUV \u00e9lectrique, le Yuan Up. Voici les derni\u00e8res photos et informations sur ce mod\u00e8le qui pourrait \u00e9galement venir renforcer la marque sur le march\u00e9 europ\u00e9en dans quelques mois.\u00a0<a href=\"https:\/\/www.automobile-propre.com\/voici-le-nouveau-petit-suv-electrique-de-byd\/\" target='bwindow' rel=\"noopener\">Lire la suite&#8230;<\/a><\/p>\n","protected":false},"excerpt":{"rendered":"<p>&#8230; <a class=\"continue-reading-link\" href=\"https:\/\/www.evearly.news\/fr\/voici-le-nouveau-petit-suv-electrique-de-byd\/\"><\/a><\/p>\n","protected":false},"author":8,"featured_media":274058,"comment_status":"closed","ping_status":"open","sticky":false,"template":"Default","format":"standard","meta":{"footnotes":""},"categories":[8],"tags":[],"class_list":["post-274057","post","type-post","status-publish","format-standard","has-post-thumbnail","hentry","category-automobile-propre"],"_links":{"self":[{"href":"https:\/\/www.evearly.news\/fr\/wp-json\/wp\/v2\/posts\/274057","targetHints":{"allow":["GET"]}}],"collection":[{"href":"https:\/\/www.evearly.news\/fr\/wp-json\/wp\/v2\/posts"}],"about":[{"href":"https:\/\/www.evearly.news\/fr\/wp-json\/wp\/v2\/types\/post"}],"author":[{"embeddable":true,"href":"https:\/\/www.evearly.news\/fr\/wp-json\/wp\/v2\/users\/8"}],"replies":[{"embeddable":true,"href":"https:\/\/www.evearly.news\/fr\/wp-json\/wp\/v2\/comments?post=274057"}],"version-history":[{"count":0,"href":"https:\/\/www.evearly.news\/fr\/wp-json\/wp\/v2\/posts\/274057\/revisions"}],"wp:featuredmedia":[{"embeddable":true,"href":"https:\/\/www.evearly.news\/fr\/wp-json\/wp\/v2\/media\/274058"}],"wp:attachment":[{"href":"https:\/\/www.evearly.news\/fr\/wp-json\/wp\/v2\/media?parent=274057"}],"wp:term":[{"taxonomy":"category","embeddable":true,"href":"https:\/\/www.evearly.news\/fr\/wp-json\/wp\/v2\/categories?post=274057"},{"taxonomy":"post_tag","embeddable":true,"href":"https:\/\/www.evearly.news\/fr\/wp-json\/wp\/v2\/tags?post=274057"}],"curies":[{"name":"wp","href":"https:\/\/api.w.org\/{rel}","templated":true}]}}