{"id":274142,"date":"2024-02-06T10:52:39","date_gmt":"2024-02-06T09:52:39","guid":{"rendered":"https:\/\/www.evearly.news\/fr\/paris-decide-de-taxer-le-stationnement-des-suv-une-mesure-qui-divise\/"},"modified":"2024-02-06T10:52:39","modified_gmt":"2024-02-06T09:52:39","slug":"paris-decide-de-taxer-le-stationnement-des-suv-une-mesure-qui-divise","status":"publish","type":"post","link":"https:\/\/www.evearly.news\/fr\/paris-decide-de-taxer-le-stationnement-des-suv-une-mesure-qui-divise\/","title":{"rendered":"Paris d\u00e9cide de taxer le stationnement des SUV : une mesure qui divise"},"content":{"rendered":"<div class=\"media_block\"><img decoding=\"async\" src=\"https:\/\/www.evearly.news\/fr\/wp-content\/uploads\/sites\/6\/2024\/02\/paris-decide-de-taxer-le-stationnement-des-suv-une-mesure-qui-divise.jpg\"><\/div>\n<p>Avec un taux de participation de seulement 5,7 % les Parisiens ont vot\u00e9 majoritairement pour une taxe controvers\u00e9e sur le stationnement des SUV, suscitant un d\u00e9bat anim\u00e9 sur l&rsquo;\u00e9quit\u00e9 et l&rsquo;efficacit\u00e9 environnementale de cette mesure. <a href=\"https:\/\/www.clubic.com\/actualite-518029-paris-decide-de-taxer-le-stationnement-des-suv-une-mesure-qui-divise.html\" target=\"blank\" rel=\"noopener\">Lire la suite&#8230;<\/a><\/p>\n","protected":false},"excerpt":{"rendered":"<div class=\"media_block\"><img decoding=\"async\" src=\"https:\/\/www.evearly.news\/fr\/wp-content\/uploads\/sites\/6\/2024\/02\/paris-decide-de-taxer-le-stationnement-des-suv-une-mesure-qui-divise.jpg\"><\/div>\n<p> <a class=\"continue-reading-link\" href=\"https:\/\/www.evearly.news\/fr\/paris-decide-de-taxer-le-stationnement-des-suv-une-mesure-qui-divise\/\"><\/a><\/p>\n","protected":false},"author":12,"featured_media":274143,"comment_status":"closed","ping_status":"open","sticky":false,"template":"Default","format":"standard","meta":{"footnotes":""},"categories":[12],"tags":[],"class_list":["post-274142","post","type-post","status-publish","format-standard","has-post-thumbnail","hentry","category-clubic"],"_links":{"self":[{"href":"https:\/\/www.evearly.news\/fr\/wp-json\/wp\/v2\/posts\/274142","targetHints":{"allow":["GET"]}}],"collection":[{"href":"https:\/\/www.evearly.news\/fr\/wp-json\/wp\/v2\/posts"}],"about":[{"href":"https:\/\/www.evearly.news\/fr\/wp-json\/wp\/v2\/types\/post"}],"author":[{"embeddable":true,"href":"https:\/\/www.evearly.news\/fr\/wp-json\/wp\/v2\/users\/12"}],"replies":[{"embeddable":true,"href":"https:\/\/www.evearly.news\/fr\/wp-json\/wp\/v2\/comments?post=274142"}],"version-history":[{"count":0,"href":"https:\/\/www.evearly.news\/fr\/wp-json\/wp\/v2\/posts\/274142\/revisions"}],"wp:featuredmedia":[{"embeddable":true,"href":"https:\/\/www.evearly.news\/fr\/wp-json\/wp\/v2\/media\/274143"}],"wp:attachment":[{"href":"https:\/\/www.evearly.news\/fr\/wp-json\/wp\/v2\/media?parent=274142"}],"wp:term":[{"taxonomy":"category","embeddable":true,"href":"https:\/\/www.evearly.news\/fr\/wp-json\/wp\/v2\/categories?post=274142"},{"taxonomy":"post_tag","embeddable":true,"href":"https:\/\/www.evearly.news\/fr\/wp-json\/wp\/v2\/tags?post=274142"}],"curies":[{"name":"wp","href":"https:\/\/api.w.org\/{rel}","templated":true}]}}