{"id":274144,"date":"2024-02-06T11:50:57","date_gmt":"2024-02-06T10:50:57","guid":{"rendered":"https:\/\/www.evearly.news\/fr\/et-si-on-mettait-un-peu-plus-dintelligence-dans-la-recharge-de-voitures-electriques\/"},"modified":"2024-02-06T11:50:57","modified_gmt":"2024-02-06T10:50:57","slug":"et-si-on-mettait-un-peu-plus-dintelligence-dans-la-recharge-de-voitures-electriques","status":"publish","type":"post","link":"https:\/\/www.evearly.news\/fr\/et-si-on-mettait-un-peu-plus-dintelligence-dans-la-recharge-de-voitures-electriques\/","title":{"rendered":"Et si on mettait un peu plus d\u2019intelligence dans la recharge de voitures \u00e9lectriques ?"},"content":{"rendered":"<p><img loading=\"lazy\" decoding=\"async\" width=\"500\" height=\"333\" src=\"https:\/\/www.evearly.news\/fr\/wp-content\/uploads\/sites\/6\/2024\/02\/et-si-on-mettait-un-peu-plus-dintelligence-dans-la-recharge-de-voitures-electriques.jpg\" class=\"attachment-1200x800 size-1200x800 wp-post-image\" alt=\"Recharge bi-directionnelle Hyundai\" srcset=\"https:\/\/www.evearly.news\/fr\/wp-content\/uploads\/sites\/6\/2024\/02\/et-si-on-mettait-un-peu-plus-dintelligence-dans-la-recharge-de-voitures-electriques.jpg 1536w, https:\/\/www.evearly.news\/fr\/wp-content\/uploads\/sites\/6\/2024\/02\/et-si-on-mettait-un-peu-plus-dintelligence-dans-la-recharge-de-voitures-electriques-1.jpg 1640w, https:\/\/www.evearly.news\/fr\/wp-content\/uploads\/sites\/6\/2024\/02\/et-si-on-mettait-un-peu-plus-dintelligence-dans-la-recharge-de-voitures-electriques-2.jpg 1024w, https:\/\/www.evearly.news\/fr\/wp-content\/uploads\/sites\/6\/2024\/02\/et-si-on-mettait-un-peu-plus-dintelligence-dans-la-recharge-de-voitures-electriques-3.jpg 140w, https:\/\/www.evearly.news\/fr\/wp-content\/uploads\/sites\/6\/2024\/02\/et-si-on-mettait-un-peu-plus-dintelligence-dans-la-recharge-de-voitures-electriques-4.jpg 768w, https:\/\/www.evearly.news\/fr\/wp-content\/uploads\/sites\/6\/2024\/02\/et-si-on-mettait-un-peu-plus-dintelligence-dans-la-recharge-de-voitures-electriques-5.jpg 620w, https:\/\/www.evearly.news\/fr\/wp-content\/uploads\/sites\/6\/2024\/02\/et-si-on-mettait-un-peu-plus-dintelligence-dans-la-recharge-de-voitures-electriques-6.jpg 100w, https:\/\/www.evearly.news\/fr\/wp-content\/uploads\/sites\/6\/2024\/02\/et-si-on-mettait-un-peu-plus-dintelligence-dans-la-recharge-de-voitures-electriques-7.jpg 190w, https:\/\/www.evearly.news\/fr\/wp-content\/uploads\/sites\/6\/2024\/02\/et-si-on-mettait-un-peu-plus-dintelligence-dans-la-recharge-de-voitures-electriques-8.jpg 600w, https:\/\/cdn.automobile-propre.com\/uploads\/2023\/12\/hyundai-recharge-bidirectionnelle-uk.jpeg 1920w\" sizes=\"auto, (max-width: 1200px) 100vw, 1200px\" \/><br \/>\nLa recharge de voiture \u00e9lectrique fait d\u00e9j\u00e0 appel \u00e0 des fonctions intelligentes. Mais on peut s\u00fbrement faire encore mieux. Vous\u2026\u00a0<a href=\"https:\/\/www.automobile-propre.com\/et-si-on-mettait-un-peu-dintelligence-artificielle-dans-la-recharge-de-voitures-electriques\/\" target='bwindow' rel=\"noopener\">Lire la suite&#8230;<\/a><\/p>\n","protected":false},"excerpt":{"rendered":"<p>&#8230; <a class=\"continue-reading-link\" href=\"https:\/\/www.evearly.news\/fr\/et-si-on-mettait-un-peu-plus-dintelligence-dans-la-recharge-de-voitures-electriques\/\"><\/a><\/p>\n","protected":false},"author":8,"featured_media":274145,"comment_status":"closed","ping_status":"open","sticky":false,"template":"Default","format":"standard","meta":{"footnotes":""},"categories":[8],"tags":[],"class_list":["post-274144","post","type-post","status-publish","format-standard","has-post-thumbnail","hentry","category-automobile-propre"],"_links":{"self":[{"href":"https:\/\/www.evearly.news\/fr\/wp-json\/wp\/v2\/posts\/274144","targetHints":{"allow":["GET"]}}],"collection":[{"href":"https:\/\/www.evearly.news\/fr\/wp-json\/wp\/v2\/posts"}],"about":[{"href":"https:\/\/www.evearly.news\/fr\/wp-json\/wp\/v2\/types\/post"}],"author":[{"embeddable":true,"href":"https:\/\/www.evearly.news\/fr\/wp-json\/wp\/v2\/users\/8"}],"replies":[{"embeddable":true,"href":"https:\/\/www.evearly.news\/fr\/wp-json\/wp\/v2\/comments?post=274144"}],"version-history":[{"count":0,"href":"https:\/\/www.evearly.news\/fr\/wp-json\/wp\/v2\/posts\/274144\/revisions"}],"wp:featuredmedia":[{"embeddable":true,"href":"https:\/\/www.evearly.news\/fr\/wp-json\/wp\/v2\/media\/274145"}],"wp:attachment":[{"href":"https:\/\/www.evearly.news\/fr\/wp-json\/wp\/v2\/media?parent=274144"}],"wp:term":[{"taxonomy":"category","embeddable":true,"href":"https:\/\/www.evearly.news\/fr\/wp-json\/wp\/v2\/categories?post=274144"},{"taxonomy":"post_tag","embeddable":true,"href":"https:\/\/www.evearly.news\/fr\/wp-json\/wp\/v2\/tags?post=274144"}],"curies":[{"name":"wp","href":"https:\/\/api.w.org\/{rel}","templated":true}]}}