{"id":274146,"date":"2024-02-06T11:55:16","date_gmt":"2024-02-06T10:55:16","guid":{"rendered":"https:\/\/www.evearly.news\/fr\/voici-les-voitures-concernees-par-le-nouveau-tarif-de-stationnement-anti-suv-a-paris\/"},"modified":"2024-02-06T11:55:16","modified_gmt":"2024-02-06T10:55:16","slug":"voici-les-voitures-concernees-par-le-nouveau-tarif-de-stationnement-anti-suv-a-paris","status":"publish","type":"post","link":"https:\/\/www.evearly.news\/fr\/voici-les-voitures-concernees-par-le-nouveau-tarif-de-stationnement-anti-suv-a-paris\/","title":{"rendered":"Voici les voitures concern\u00e9es par le nouveau tarif de stationnement anti-SUV \u00e0 Paris"},"content":{"rendered":"<p><img width=\"1200\" height=\"800\" src=\"https:\/\/www.evearly.news\/fr\/wp-content\/uploads\/sites\/6\/2024\/02\/voici-les-voitures-concernees-par-le-nouveau-tarif-de-stationnement-anti-suv-a-paris.jpg\" class=\"attachment-large size-large wp-post-image\" alt=\"Defender PHEV\" decoding=\"async\" loading=\"lazy\" \/<br \/>\u00c7a y est, les parisiens ont vot\u00e9 contre les SUV \u00e0 Paris. Plus pr\u00e9cis\u00e9ment, le tarif de stationnement de certaines voitures, jug\u00e9es trop lourdes, augmentera \u00e9norm\u00e9ment \u00e0 partir du 1er septembre 2024. D\u00e9couvrez si vous \u00eates concern\u00e9. <a href=\"https:\/\/www.frandroid.com\/survoltes\/voitures-electriques\/1861802_voici-les-voitures-concernees-par-le-nouveau-tarif-de-stationnement-anti-suv-a-paris\" target=\"blank\" rel=\"noopener\">Lire la suite&#8230;<\/a><\/p>\n","protected":false},"excerpt":{"rendered":"<p>&lt;img width=&quot;1200&quot; height=&quot;800&quot; src=&quot;https:\/\/www.evearly.news\/fr\/wp-content\/uploads\/sites\/6\/2024\/02\/voici-les-voitures-concernees-par-le-nouveau-tarif-de-stationnement-anti-suv-a-paris.jpg&quot; class=&quot;attachment-large size-large wp-post-image&quot; alt=&quot;Defender PHEV&quot; decoding=&quot;async&quot; loading=&quot;lazy&quot; \/<br \/>\u00c7a y est, les parisiens ont vot\u00e9 contre les SUV \u00e0 Paris. Plus pr\u00e9cis\u00e9ment, le tarif de stationnement de certaines voitures, jug\u00e9es trop lourdes, augmentera \u00e9norm\u00e9ment \u00e0 partir du 1er septembre 2024. D\u00e9couvrez si vous \u00eates concern\u00e9.<\/p>\n<p> <a class=\"continue-reading-link\" href=\"https:\/\/www.evearly.news\/fr\/voici-les-voitures-concernees-par-le-nouveau-tarif-de-stationnement-anti-suv-a-paris\/\"><\/a><\/p>\n","protected":false},"author":6,"featured_media":274147,"comment_status":"closed","ping_status":"open","sticky":false,"template":"Default","format":"standard","meta":{"footnotes":""},"categories":[14],"tags":[],"class_list":["post-274146","post","type-post","status-publish","format-standard","has-post-thumbnail","hentry","category-frandroid"],"_links":{"self":[{"href":"https:\/\/www.evearly.news\/fr\/wp-json\/wp\/v2\/posts\/274146","targetHints":{"allow":["GET"]}}],"collection":[{"href":"https:\/\/www.evearly.news\/fr\/wp-json\/wp\/v2\/posts"}],"about":[{"href":"https:\/\/www.evearly.news\/fr\/wp-json\/wp\/v2\/types\/post"}],"author":[{"embeddable":true,"href":"https:\/\/www.evearly.news\/fr\/wp-json\/wp\/v2\/users\/6"}],"replies":[{"embeddable":true,"href":"https:\/\/www.evearly.news\/fr\/wp-json\/wp\/v2\/comments?post=274146"}],"version-history":[{"count":0,"href":"https:\/\/www.evearly.news\/fr\/wp-json\/wp\/v2\/posts\/274146\/revisions"}],"wp:featuredmedia":[{"embeddable":true,"href":"https:\/\/www.evearly.news\/fr\/wp-json\/wp\/v2\/media\/274147"}],"wp:attachment":[{"href":"https:\/\/www.evearly.news\/fr\/wp-json\/wp\/v2\/media?parent=274146"}],"wp:term":[{"taxonomy":"category","embeddable":true,"href":"https:\/\/www.evearly.news\/fr\/wp-json\/wp\/v2\/categories?post=274146"},{"taxonomy":"post_tag","embeddable":true,"href":"https:\/\/www.evearly.news\/fr\/wp-json\/wp\/v2\/tags?post=274146"}],"curies":[{"name":"wp","href":"https:\/\/api.w.org\/{rel}","templated":true}]}}