{"id":274156,"date":"2024-02-06T13:28:39","date_gmt":"2024-02-06T12:28:39","guid":{"rendered":"https:\/\/www.evearly.news\/fr\/le-plus-grand-concurrent-de-tesla-lance-une-nouvelle-batterie-pour-voitures-electriques\/"},"modified":"2024-02-06T13:28:39","modified_gmt":"2024-02-06T12:28:39","slug":"le-plus-grand-concurrent-de-tesla-lance-une-nouvelle-batterie-pour-voitures-electriques","status":"publish","type":"post","link":"https:\/\/www.evearly.news\/fr\/le-plus-grand-concurrent-de-tesla-lance-une-nouvelle-batterie-pour-voitures-electriques\/","title":{"rendered":"Le plus grand concurrent de Tesla lance une nouvelle batterie pour voitures \u00e9lectriques"},"content":{"rendered":"<p><img width=\"1200\" height=\"563\" src=\"https:\/\/www.evearly.news\/fr\/wp-content\/uploads\/sites\/6\/2024\/02\/le-plus-grand-concurrent-de-tesla-lance-une-nouvelle-batterie-pour-voitures-electriques.jpg\" class=\"attachment-large size-large wp-post-image\" alt=\"\" decoding=\"async\" loading=\"lazy\" \/<br \/>BYD, le plus grand concurrent de Tesla sur la voiture \u00e9lectrique, vient de d\u00e9voiler une nouvelle batterie. Elle annonce du lourd, avec 500 km d&rsquo;autonomie r\u00e9cup\u00e9r\u00e9e en 10 minutes de recharge seulement. On pourrait potentiellement la retrouver sur des voitures Tesla dans les prochains mois. Voici tout ce qu&rsquo;on sait \u00e0 son sujet. <a href=\"https:\/\/www.frandroid.com\/marques\/byd\/1931946_le-plus-grand-concurrent-de-tesla-lance-une-nouvelle-batterie-pour-voitures-electriques\" target=\"blank\" rel=\"noopener\">Lire la suite&#8230;<\/a><\/p>\n","protected":false},"excerpt":{"rendered":"<p>&lt;img width=&quot;1200&quot; height=&quot;563&quot; src=&quot;https:\/\/www.evearly.news\/fr\/wp-content\/uploads\/sites\/6\/2024\/02\/le-plus-grand-concurrent-de-tesla-lance-une-nouvelle-batterie-pour-voitures-electriques.jpg&quot; class=&quot;attachment-large size-large wp-post-image&quot; alt=&quot;&quot; decoding=&quot;async&quot; loading=&quot;lazy&quot; \/<br \/>BYD, le plus grand concurrent de Tesla sur la voiture \u00e9lectrique, vient de d\u00e9voiler une nouvelle batterie. Elle annonce du lourd, avec 500 km d&rsquo;autonomie r\u00e9cup\u00e9r\u00e9e en 10 minutes de recharge seulement. On pourrait potentiellement la retrouver sur des voitures Tesla dans les prochains mois. Voici tout ce qu&rsquo;on sait \u00e0 son sujet.<\/p>\n<p> <a class=\"continue-reading-link\" href=\"https:\/\/www.evearly.news\/fr\/le-plus-grand-concurrent-de-tesla-lance-une-nouvelle-batterie-pour-voitures-electriques\/\"><\/a><\/p>\n","protected":false},"author":6,"featured_media":274157,"comment_status":"closed","ping_status":"open","sticky":false,"template":"Default","format":"standard","meta":{"footnotes":""},"categories":[14],"tags":[],"class_list":["post-274156","post","type-post","status-publish","format-standard","has-post-thumbnail","hentry","category-frandroid"],"_links":{"self":[{"href":"https:\/\/www.evearly.news\/fr\/wp-json\/wp\/v2\/posts\/274156","targetHints":{"allow":["GET"]}}],"collection":[{"href":"https:\/\/www.evearly.news\/fr\/wp-json\/wp\/v2\/posts"}],"about":[{"href":"https:\/\/www.evearly.news\/fr\/wp-json\/wp\/v2\/types\/post"}],"author":[{"embeddable":true,"href":"https:\/\/www.evearly.news\/fr\/wp-json\/wp\/v2\/users\/6"}],"replies":[{"embeddable":true,"href":"https:\/\/www.evearly.news\/fr\/wp-json\/wp\/v2\/comments?post=274156"}],"version-history":[{"count":0,"href":"https:\/\/www.evearly.news\/fr\/wp-json\/wp\/v2\/posts\/274156\/revisions"}],"wp:featuredmedia":[{"embeddable":true,"href":"https:\/\/www.evearly.news\/fr\/wp-json\/wp\/v2\/media\/274157"}],"wp:attachment":[{"href":"https:\/\/www.evearly.news\/fr\/wp-json\/wp\/v2\/media?parent=274156"}],"wp:term":[{"taxonomy":"category","embeddable":true,"href":"https:\/\/www.evearly.news\/fr\/wp-json\/wp\/v2\/categories?post=274156"},{"taxonomy":"post_tag","embeddable":true,"href":"https:\/\/www.evearly.news\/fr\/wp-json\/wp\/v2\/tags?post=274156"}],"curies":[{"name":"wp","href":"https:\/\/api.w.org\/{rel}","templated":true}]}}