{"id":274256,"date":"2024-02-07T20:22:39","date_gmt":"2024-02-07T19:22:39","guid":{"rendered":"https:\/\/www.evearly.news\/fr\/les-scooters-thermiques-interdits-dans-paris-un-conseiller-veut-lexperimenter-sur-un-horaire-specifique\/"},"modified":"2024-02-07T20:22:39","modified_gmt":"2024-02-07T19:22:39","slug":"les-scooters-thermiques-interdits-dans-paris-un-conseiller-veut-lexperimenter-sur-un-horaire-specifique","status":"publish","type":"post","link":"https:\/\/www.evearly.news\/fr\/les-scooters-thermiques-interdits-dans-paris-un-conseiller-veut-lexperimenter-sur-un-horaire-specifique\/","title":{"rendered":"Les scooters thermiques interdits dans Paris ? Un conseiller veut l\u2019exp\u00e9rimenter sur un horaire sp\u00e9cifique"},"content":{"rendered":"<p><img loading=\"lazy\" width=\"1200\" height=\"675\" src=\"https:\/\/www.evearly.news\/fr\/wp-content\/uploads\/sites\/6\/2024\/02\/les-scooters-thermiques-interdits-dans-paris-un-conseiller-veut-lexperimenter-sur-un-horaire-specifique.jpg\" class=\"attachment-large size-large wp-post-image\" alt=\"\" decoding=\"async\" \/<br \/>Un conseiller de Paris propose une exp\u00e9rimentation visant \u00e0 interdire les deux-roues thermiques dans Paris. Avec la possibilit\u00e9 de tester \u00e7a d&rsquo;abord de nuit. <a href=\"https:\/\/www.frandroid.com\/survoltes\/scooters-electriques\/1932978_les-scooters-thermiques-interdits-dans-paris-un-conseiller-veut-lexperimenter-sur-un-horaire-specifique\" target=\"blank\" rel=\"noopener\">Lire la suite&#8230;<\/a><\/p>\n","protected":false},"excerpt":{"rendered":"<p> <a class=\"continue-reading-link\" href=\"https:\/\/www.evearly.news\/fr\/les-scooters-thermiques-interdits-dans-paris-un-conseiller-veut-lexperimenter-sur-un-horaire-specifique\/\"><\/a><\/p>\n","protected":false},"author":6,"featured_media":274257,"comment_status":"closed","ping_status":"open","sticky":false,"template":"Default","format":"standard","meta":{"footnotes":""},"categories":[6],"tags":[],"class_list":["post-274256","post","type-post","status-publish","format-standard","has-post-thumbnail","hentry","category-frandroid-moto"],"_links":{"self":[{"href":"https:\/\/www.evearly.news\/fr\/wp-json\/wp\/v2\/posts\/274256","targetHints":{"allow":["GET"]}}],"collection":[{"href":"https:\/\/www.evearly.news\/fr\/wp-json\/wp\/v2\/posts"}],"about":[{"href":"https:\/\/www.evearly.news\/fr\/wp-json\/wp\/v2\/types\/post"}],"author":[{"embeddable":true,"href":"https:\/\/www.evearly.news\/fr\/wp-json\/wp\/v2\/users\/6"}],"replies":[{"embeddable":true,"href":"https:\/\/www.evearly.news\/fr\/wp-json\/wp\/v2\/comments?post=274256"}],"version-history":[{"count":0,"href":"https:\/\/www.evearly.news\/fr\/wp-json\/wp\/v2\/posts\/274256\/revisions"}],"wp:featuredmedia":[{"embeddable":true,"href":"https:\/\/www.evearly.news\/fr\/wp-json\/wp\/v2\/media\/274257"}],"wp:attachment":[{"href":"https:\/\/www.evearly.news\/fr\/wp-json\/wp\/v2\/media?parent=274256"}],"wp:term":[{"taxonomy":"category","embeddable":true,"href":"https:\/\/www.evearly.news\/fr\/wp-json\/wp\/v2\/categories?post=274256"},{"taxonomy":"post_tag","embeddable":true,"href":"https:\/\/www.evearly.news\/fr\/wp-json\/wp\/v2\/tags?post=274256"}],"curies":[{"name":"wp","href":"https:\/\/api.w.org\/{rel}","templated":true}]}}