{"id":274263,"date":"2024-02-08T08:50:53","date_gmt":"2024-02-08T07:50:53","guid":{"rendered":"https:\/\/www.evearly.news\/fr\/ford-veut-aussi-sa-voiture-electrique-abordable\/"},"modified":"2024-02-08T08:50:53","modified_gmt":"2024-02-08T07:50:53","slug":"ford-veut-aussi-sa-voiture-electrique-abordable","status":"publish","type":"post","link":"https:\/\/www.evearly.news\/fr\/ford-veut-aussi-sa-voiture-electrique-abordable\/","title":{"rendered":"Ford veut aussi sa voiture \u00e9lectrique abordable"},"content":{"rendered":"<p><img loading=\"lazy\" decoding=\"async\" width=\"500\" height=\"333\" src=\"https:\/\/www.evearly.news\/fr\/wp-content\/uploads\/sites\/6\/2024\/02\/ford-veut-aussi-sa-voiture-electrique-abordable.jpg\" class=\"attachment-1200x800 size-1200x800 wp-post-image\" alt=\"Ford Comuta\" srcset=\"https:\/\/www.evearly.news\/fr\/wp-content\/uploads\/sites\/6\/2024\/02\/ford-veut-aussi-sa-voiture-electrique-abordable.jpg 1086w, https:\/\/www.evearly.news\/fr\/wp-content\/uploads\/sites\/6\/2024\/02\/ford-veut-aussi-sa-voiture-electrique-abordable-1.jpg 1024w, https:\/\/www.evearly.news\/fr\/wp-content\/uploads\/sites\/6\/2024\/02\/ford-veut-aussi-sa-voiture-electrique-abordable-2.jpg 768w, https:\/\/cdn.automobile-propre.com\/uploads\/2024\/02\/1967_Ford_Comuta-554x413.jpg 554w\" sizes=\"auto, (max-width: 1073px) 100vw, 1073px\" \/><br \/>\nFord a jusqu&rsquo;\u00e0 pr\u00e9sent mis\u00e9 le d\u00e9veloppement de sa gamme \u00e9lectrique sur le haut de gamme. Mais une famille plus abordable est finalement en pr\u00e9paration pour contrer la menace chinoise, et Tesla.\u00a0<a href=\"https:\/\/www.automobile-propre.com\/ford-veut-aussi-sa-voiture-electrique-abordable\/\" target='bwindow' rel=\"noopener\">Lire la suite&#8230;<\/a><\/p>\n","protected":false},"excerpt":{"rendered":"<p>&#8230; <a class=\"continue-reading-link\" href=\"https:\/\/www.evearly.news\/fr\/ford-veut-aussi-sa-voiture-electrique-abordable\/\"><\/a><\/p>\n","protected":false},"author":8,"featured_media":274264,"comment_status":"closed","ping_status":"open","sticky":false,"template":"Default","format":"standard","meta":{"footnotes":""},"categories":[8],"tags":[],"class_list":["post-274263","post","type-post","status-publish","format-standard","has-post-thumbnail","hentry","category-automobile-propre"],"_links":{"self":[{"href":"https:\/\/www.evearly.news\/fr\/wp-json\/wp\/v2\/posts\/274263","targetHints":{"allow":["GET"]}}],"collection":[{"href":"https:\/\/www.evearly.news\/fr\/wp-json\/wp\/v2\/posts"}],"about":[{"href":"https:\/\/www.evearly.news\/fr\/wp-json\/wp\/v2\/types\/post"}],"author":[{"embeddable":true,"href":"https:\/\/www.evearly.news\/fr\/wp-json\/wp\/v2\/users\/8"}],"replies":[{"embeddable":true,"href":"https:\/\/www.evearly.news\/fr\/wp-json\/wp\/v2\/comments?post=274263"}],"version-history":[{"count":0,"href":"https:\/\/www.evearly.news\/fr\/wp-json\/wp\/v2\/posts\/274263\/revisions"}],"wp:featuredmedia":[{"embeddable":true,"href":"https:\/\/www.evearly.news\/fr\/wp-json\/wp\/v2\/media\/274264"}],"wp:attachment":[{"href":"https:\/\/www.evearly.news\/fr\/wp-json\/wp\/v2\/media?parent=274263"}],"wp:term":[{"taxonomy":"category","embeddable":true,"href":"https:\/\/www.evearly.news\/fr\/wp-json\/wp\/v2\/categories?post=274263"},{"taxonomy":"post_tag","embeddable":true,"href":"https:\/\/www.evearly.news\/fr\/wp-json\/wp\/v2\/tags?post=274263"}],"curies":[{"name":"wp","href":"https:\/\/api.w.org\/{rel}","templated":true}]}}