{"id":274265,"date":"2024-02-08T08:52:21","date_gmt":"2024-02-08T07:52:21","guid":{"rendered":"https:\/\/www.evearly.news\/fr\/francois-gemenne-lelectrique-a-des-defauts-mais-reste-infiniment-preferable-au-thermique\/"},"modified":"2024-02-08T08:52:21","modified_gmt":"2024-02-08T07:52:21","slug":"francois-gemenne-lelectrique-a-des-defauts-mais-reste-infiniment-preferable-au-thermique","status":"publish","type":"post","link":"https:\/\/www.evearly.news\/fr\/francois-gemenne-lelectrique-a-des-defauts-mais-reste-infiniment-preferable-au-thermique\/","title":{"rendered":"Fran\u00e7ois Gemenne: \u00ab\u00a0l&rsquo;\u00e9lectrique a des d\u00e9fauts, mais reste infiniment pr\u00e9f\u00e9rable au thermique\u00a0\u00bb"},"content":{"rendered":"<p><img decoding=\"async\" src=\"https:\/\/www.evearly.news\/fr\/wp-content\/uploads\/sites\/6\/2024\/02\/francois-gemenne-lelectrique-a-des-defauts-mais-reste-infiniment-preferable-au-thermique.jpg\"\/><br \/>\n\t\t\t\t\tLanc\u00e9e fin 2023, l&rsquo;Alliance pour la d\u00e9carbonation de la route r\u00e9unit r\u00e9unit des acteurs des mobilit\u00e9s routi\u00e8res publics et priv\u00e9s. Parmi les personnalit\u00e9s \u00e0 l&rsquo;origine du projet figure le climatologue Fran\u00e7ois Gemenne, co-auteur (entre autres) du rapport du GIEC, qui nous a accord\u00e9 une interview. <a href=\"https:\/\/www.caradisiac.com\/francois-gemenne-l-electrique-a-des-defauts-mais-reste-infiniment-preferable-au-thermique-206957.htm#xtor=RSS-40\" target=\"blank\" rel=\"noopener\">Lire la suite&#8230;<\/a><\/p>\n","protected":false},"excerpt":{"rendered":"<p><img decoding=\"async\" src=\"https:\/\/www.evearly.news\/fr\/wp-content\/uploads\/sites\/6\/2024\/02\/francois-gemenne-lelectrique-a-des-defauts-mais-reste-infiniment-preferable-au-thermique.jpg\" \/><br \/>\n\t\t\t\t\tLanc\u00e9e fin 2023, l&rsquo;Alliance pour la d\u00e9carbonation de la route r\u00e9unit r\u00e9unit des acteurs des mobilit\u00e9s routi\u00e8res publics et priv\u00e9s. Parmi les personnalit\u00e9s \u00e0 l&rsquo;origine du projet figure le climatologue Fran\u00e7ois Gemenne, co-auteur (entre autres) du rapport du GIEC, qui nous a accord\u00e9 une interview.<\/p>\n<p> <a class=\"continue-reading-link\" href=\"https:\/\/www.evearly.news\/fr\/francois-gemenne-lelectrique-a-des-defauts-mais-reste-infiniment-preferable-au-thermique\/\"><\/a><\/p>\n","protected":false},"author":11,"featured_media":274266,"comment_status":"closed","ping_status":"open","sticky":false,"template":"Default","format":"standard","meta":{"footnotes":""},"categories":[11],"tags":[],"class_list":["post-274265","post","type-post","status-publish","format-standard","has-post-thumbnail","hentry","category-caradisiac"],"_links":{"self":[{"href":"https:\/\/www.evearly.news\/fr\/wp-json\/wp\/v2\/posts\/274265","targetHints":{"allow":["GET"]}}],"collection":[{"href":"https:\/\/www.evearly.news\/fr\/wp-json\/wp\/v2\/posts"}],"about":[{"href":"https:\/\/www.evearly.news\/fr\/wp-json\/wp\/v2\/types\/post"}],"author":[{"embeddable":true,"href":"https:\/\/www.evearly.news\/fr\/wp-json\/wp\/v2\/users\/11"}],"replies":[{"embeddable":true,"href":"https:\/\/www.evearly.news\/fr\/wp-json\/wp\/v2\/comments?post=274265"}],"version-history":[{"count":0,"href":"https:\/\/www.evearly.news\/fr\/wp-json\/wp\/v2\/posts\/274265\/revisions"}],"wp:featuredmedia":[{"embeddable":true,"href":"https:\/\/www.evearly.news\/fr\/wp-json\/wp\/v2\/media\/274266"}],"wp:attachment":[{"href":"https:\/\/www.evearly.news\/fr\/wp-json\/wp\/v2\/media?parent=274265"}],"wp:term":[{"taxonomy":"category","embeddable":true,"href":"https:\/\/www.evearly.news\/fr\/wp-json\/wp\/v2\/categories?post=274265"},{"taxonomy":"post_tag","embeddable":true,"href":"https:\/\/www.evearly.news\/fr\/wp-json\/wp\/v2\/tags?post=274265"}],"curies":[{"name":"wp","href":"https:\/\/api.w.org\/{rel}","templated":true}]}}