{"id":274275,"date":"2024-02-08T10:54:38","date_gmt":"2024-02-08T09:54:38","guid":{"rendered":"https:\/\/www.evearly.news\/fr\/pourquoi-hertz-fait-encore-machine-arriere-sur-la-voiture-electrique\/"},"modified":"2024-02-08T10:54:38","modified_gmt":"2024-02-08T09:54:38","slug":"pourquoi-hertz-fait-encore-machine-arriere-sur-la-voiture-electrique","status":"publish","type":"post","link":"https:\/\/www.evearly.news\/fr\/pourquoi-hertz-fait-encore-machine-arriere-sur-la-voiture-electrique\/","title":{"rendered":"Pourquoi Hertz fait (encore) machine arri\u00e8re sur la voiture \u00e9lectrique"},"content":{"rendered":"<p><img width=\"1200\" height=\"674\" src=\"https:\/\/www.evearly.news\/fr\/wp-content\/uploads\/sites\/6\/2024\/02\/pourquoi-hertz-fait-encore-machine-arriere-sur-la-voiture-electrique.jpg\" class=\"attachment-large size-large wp-post-image\" alt=\"\" decoding=\"async\" loading=\"lazy\" \/<br \/>Apr\u00e8s avoir revendu ses Tesla, le loueur am\u00e9ricain Hertz veut d\u00e9sormais se d\u00e9barrasser de ses Polestar. L\u2019entreprise souhaite revoir sa strat\u00e9gie sur la voiture \u00e9lectrique, afin de r\u00e9duire ses d\u00e9penses. En cause notamment, des co\u00fbts de r\u00e9paration trop \u00e9lev\u00e9s.<br \/>\n <a href=\"https:\/\/www.frandroid.com\/survoltes\/voitures-electriques\/1933910_pourquoi-hertz-fait-encore-machine-arriere-sur-la-voiture-electrique\" target=\"blank\" rel=\"noopener\">Lire la suite&#8230;<\/a><\/p>\n","protected":false},"excerpt":{"rendered":"<p>&lt;img width=&quot;1200&quot; height=&quot;674&quot; src=&quot;https:\/\/www.evearly.news\/fr\/wp-content\/uploads\/sites\/6\/2024\/02\/pourquoi-hertz-fait-encore-machine-arriere-sur-la-voiture-electrique.jpg&quot; class=&quot;attachment-large size-large wp-post-image&quot; alt=&quot;&quot; decoding=&quot;async&quot; loading=&quot;lazy&quot; \/<br \/>Apr\u00e8s avoir revendu ses Tesla, le loueur am\u00e9ricain Hertz veut d\u00e9sormais se d\u00e9barrasser de ses Polestar. L\u2019entreprise souhaite revoir sa strat\u00e9gie sur la voiture \u00e9lectrique, afin de r\u00e9duire ses d\u00e9penses. En cause notamment, des co\u00fbts de r\u00e9paration trop \u00e9lev\u00e9s.\n<\/p>\n<p> <a class=\"continue-reading-link\" href=\"https:\/\/www.evearly.news\/fr\/pourquoi-hertz-fait-encore-machine-arriere-sur-la-voiture-electrique\/\"><\/a><\/p>\n","protected":false},"author":6,"featured_media":274276,"comment_status":"closed","ping_status":"open","sticky":false,"template":"Default","format":"standard","meta":{"footnotes":""},"categories":[14],"tags":[],"class_list":["post-274275","post","type-post","status-publish","format-standard","has-post-thumbnail","hentry","category-frandroid"],"_links":{"self":[{"href":"https:\/\/www.evearly.news\/fr\/wp-json\/wp\/v2\/posts\/274275","targetHints":{"allow":["GET"]}}],"collection":[{"href":"https:\/\/www.evearly.news\/fr\/wp-json\/wp\/v2\/posts"}],"about":[{"href":"https:\/\/www.evearly.news\/fr\/wp-json\/wp\/v2\/types\/post"}],"author":[{"embeddable":true,"href":"https:\/\/www.evearly.news\/fr\/wp-json\/wp\/v2\/users\/6"}],"replies":[{"embeddable":true,"href":"https:\/\/www.evearly.news\/fr\/wp-json\/wp\/v2\/comments?post=274275"}],"version-history":[{"count":0,"href":"https:\/\/www.evearly.news\/fr\/wp-json\/wp\/v2\/posts\/274275\/revisions"}],"wp:featuredmedia":[{"embeddable":true,"href":"https:\/\/www.evearly.news\/fr\/wp-json\/wp\/v2\/media\/274276"}],"wp:attachment":[{"href":"https:\/\/www.evearly.news\/fr\/wp-json\/wp\/v2\/media?parent=274275"}],"wp:term":[{"taxonomy":"category","embeddable":true,"href":"https:\/\/www.evearly.news\/fr\/wp-json\/wp\/v2\/categories?post=274275"},{"taxonomy":"post_tag","embeddable":true,"href":"https:\/\/www.evearly.news\/fr\/wp-json\/wp\/v2\/tags?post=274275"}],"curies":[{"name":"wp","href":"https:\/\/api.w.org\/{rel}","templated":true}]}}