{"id":274283,"date":"2024-02-08T12:21:42","date_gmt":"2024-02-08T11:21:42","guid":{"rendered":"https:\/\/www.evearly.news\/fr\/moins-on-connait-la-voiture-electrique-plus-on-sy-oppose\/"},"modified":"2024-02-08T12:21:42","modified_gmt":"2024-02-08T11:21:42","slug":"moins-on-connait-la-voiture-electrique-plus-on-sy-oppose","status":"publish","type":"post","link":"https:\/\/www.evearly.news\/fr\/moins-on-connait-la-voiture-electrique-plus-on-sy-oppose\/","title":{"rendered":"Moins on connait la voiture \u00e9lectrique, plus on s\u2019y oppose"},"content":{"rendered":"<p><img decoding=\"async\" width=\"500\" height=\"333\" src=\"https:\/\/www.evearly.news\/fr\/wp-content\/uploads\/sites\/6\/2024\/02\/moins-on-connait-la-voiture-electrique-plus-on-sy-oppose.jpg\" class=\"attachment-1200x800 size-1200x800 wp-post-image\" alt=\"\" loading=\"lazy\" srcset=\"https:\/\/www.evearly.news\/fr\/wp-content\/uploads\/sites\/6\/2024\/02\/moins-on-connait-la-voiture-electrique-plus-on-sy-oppose.jpg 1200w, https:\/\/www.evearly.news\/fr\/wp-content\/uploads\/sites\/6\/2024\/02\/moins-on-connait-la-voiture-electrique-plus-on-sy-oppose-1.jpg 1024w, https:\/\/www.evearly.news\/fr\/wp-content\/uploads\/sites\/6\/2024\/02\/moins-on-connait-la-voiture-electrique-plus-on-sy-oppose-2.jpg 140w, https:\/\/www.evearly.news\/fr\/wp-content\/uploads\/sites\/6\/2024\/02\/moins-on-connait-la-voiture-electrique-plus-on-sy-oppose-3.jpg 768w, https:\/\/www.evearly.news\/fr\/wp-content\/uploads\/sites\/6\/2024\/02\/moins-on-connait-la-voiture-electrique-plus-on-sy-oppose-4.jpg 620w, https:\/\/www.evearly.news\/fr\/wp-content\/uploads\/sites\/6\/2024\/02\/moins-on-connait-la-voiture-electrique-plus-on-sy-oppose-5.jpg 100w, https:\/\/www.evearly.news\/fr\/wp-content\/uploads\/sites\/6\/2024\/02\/moins-on-connait-la-voiture-electrique-plus-on-sy-oppose-6.jpg 190w, https:\/\/cdn.automobile-propre.com\/uploads\/2023\/11\/Essai-Peugeot-e-208-2023-156-ch-18-600x400.jpg 600w\" sizes=\"auto, (max-width: 1200px) 100vw, 1200px\" \/><br \/>\nUne \u00e9tude montre les divergences face aux voitures \u00e9lectriques en fonction du niveau de connaissance sur ces v\u00e9hicules. Le Collectif\u2026\u00a0<a href=\"https:\/\/www.automobile-propre.com\/moins-on-connait-la-voiture-electrique-plus-on-sy-oppose\/\" target='bwindow' rel=\"noopener\">Lire la suite&#8230;<\/a><\/p>\n","protected":false},"excerpt":{"rendered":"<p>&#8230; <a class=\"continue-reading-link\" href=\"https:\/\/www.evearly.news\/fr\/moins-on-connait-la-voiture-electrique-plus-on-sy-oppose\/\"><\/a><\/p>\n","protected":false},"author":8,"featured_media":274284,"comment_status":"closed","ping_status":"open","sticky":false,"template":"Default","format":"standard","meta":{"footnotes":""},"categories":[8],"tags":[],"class_list":["post-274283","post","type-post","status-publish","format-standard","has-post-thumbnail","hentry","category-automobile-propre"],"_links":{"self":[{"href":"https:\/\/www.evearly.news\/fr\/wp-json\/wp\/v2\/posts\/274283","targetHints":{"allow":["GET"]}}],"collection":[{"href":"https:\/\/www.evearly.news\/fr\/wp-json\/wp\/v2\/posts"}],"about":[{"href":"https:\/\/www.evearly.news\/fr\/wp-json\/wp\/v2\/types\/post"}],"author":[{"embeddable":true,"href":"https:\/\/www.evearly.news\/fr\/wp-json\/wp\/v2\/users\/8"}],"replies":[{"embeddable":true,"href":"https:\/\/www.evearly.news\/fr\/wp-json\/wp\/v2\/comments?post=274283"}],"version-history":[{"count":0,"href":"https:\/\/www.evearly.news\/fr\/wp-json\/wp\/v2\/posts\/274283\/revisions"}],"wp:featuredmedia":[{"embeddable":true,"href":"https:\/\/www.evearly.news\/fr\/wp-json\/wp\/v2\/media\/274284"}],"wp:attachment":[{"href":"https:\/\/www.evearly.news\/fr\/wp-json\/wp\/v2\/media?parent=274283"}],"wp:term":[{"taxonomy":"category","embeddable":true,"href":"https:\/\/www.evearly.news\/fr\/wp-json\/wp\/v2\/categories?post=274283"},{"taxonomy":"post_tag","embeddable":true,"href":"https:\/\/www.evearly.news\/fr\/wp-json\/wp\/v2\/tags?post=274283"}],"curies":[{"name":"wp","href":"https:\/\/api.w.org\/{rel}","templated":true}]}}