{"id":274341,"date":"2024-02-09T09:22:43","date_gmt":"2024-02-09T08:22:43","guid":{"rendered":"https:\/\/www.evearly.news\/fr\/quand-citroen-tente-de-faire-croire-que-sa-citroen-e-c4-x-gagne-aux-1-000-bornes\/"},"modified":"2024-02-09T09:22:43","modified_gmt":"2024-02-09T08:22:43","slug":"quand-citroen-tente-de-faire-croire-que-sa-citroen-e-c4-x-gagne-aux-1-000-bornes","status":"publish","type":"post","link":"https:\/\/www.evearly.news\/fr\/quand-citroen-tente-de-faire-croire-que-sa-citroen-e-c4-x-gagne-aux-1-000-bornes\/","title":{"rendered":"Quand Citro\u00ebn tente de faire croire que sa Citro\u00ebn \u00eb-C4 X gagne aux 1\u00a0000 bornes\u2026"},"content":{"rendered":"<p><img decoding=\"async\" src=\"https:\/\/www.evearly.news\/fr\/wp-content\/uploads\/sites\/6\/2024\/02\/quand-citroen-tente-de-faire-croire-que-sa-citroen-e-c4-x-gagne-aux-1-000-bornes.jpg\"\/><br \/>\n\t\t\t\t\tQuel compacte \u00e9lectrique met le moins de temps \u00e0 parcourir 1\u00a0000\u00a0km\u00a0? C&rsquo;est la question \u00e0 laquelle a tent\u00e9 de r\u00e9pondre Citro\u00ebn en demandant \u00e0 l\u2019UTAC de comparer quatre berlines \u00ab\u00a0z\u00e9ro \u00e9mission\u00a0\u00bb sur l&rsquo;anneau de vitesse de Mortefontaine, dont son \u00eb-C4 X, une Renault M\u00e9gane E-Tech, une Volkswagen ID.3 et une MG 4. Mais si la marque s&rsquo;annonce victorieuse, il semblerait qu&rsquo;il y ait un tour de passe-passe lors des recharges\u2026 <a href=\"https:\/\/www.caradisiac.com\/quand-citroen-tente-de-faire-croire-que-sa-citroen-e-c4-x-gagne-aux-1-000-bornes-206971.htm#xtor=RSS-40\" target=\"blank\" rel=\"noopener\">Lire la suite&#8230;<\/a><\/p>\n","protected":false},"excerpt":{"rendered":"<p><img decoding=\"async\" src=\"https:\/\/www.evearly.news\/fr\/wp-content\/uploads\/sites\/6\/2024\/02\/quand-citroen-tente-de-faire-croire-que-sa-citroen-e-c4-x-gagne-aux-1-000-bornes.jpg\" \/><br \/>\n\t\t\t\t\tQuel compacte \u00e9lectrique met le moins de temps \u00e0 parcourir 1\u00a0000\u00a0km\u00a0? C&rsquo;est la question \u00e0 laquelle a tent\u00e9 de r\u00e9pondre Citro\u00ebn en demandant \u00e0 l\u2019UTAC de comparer quatre berlines \u00ab\u00a0z\u00e9ro \u00e9mission\u00a0\u00bb sur l&rsquo;anneau de vitesse de Mortefontaine, dont son \u00eb-C4 X, une Renault M\u00e9gane E-Tech, une Volkswagen ID.3 et une MG 4. Mais si la marque s&rsquo;annonce victorieuse, il semblerait qu&rsquo;il y ait un tour de passe-passe lors des recharges\u2026<\/p>\n<p> <a class=\"continue-reading-link\" href=\"https:\/\/www.evearly.news\/fr\/quand-citroen-tente-de-faire-croire-que-sa-citroen-e-c4-x-gagne-aux-1-000-bornes\/\"><\/a><\/p>\n","protected":false},"author":11,"featured_media":274342,"comment_status":"closed","ping_status":"open","sticky":false,"template":"Default","format":"standard","meta":{"footnotes":""},"categories":[11],"tags":[],"class_list":["post-274341","post","type-post","status-publish","format-standard","has-post-thumbnail","hentry","category-caradisiac"],"_links":{"self":[{"href":"https:\/\/www.evearly.news\/fr\/wp-json\/wp\/v2\/posts\/274341","targetHints":{"allow":["GET"]}}],"collection":[{"href":"https:\/\/www.evearly.news\/fr\/wp-json\/wp\/v2\/posts"}],"about":[{"href":"https:\/\/www.evearly.news\/fr\/wp-json\/wp\/v2\/types\/post"}],"author":[{"embeddable":true,"href":"https:\/\/www.evearly.news\/fr\/wp-json\/wp\/v2\/users\/11"}],"replies":[{"embeddable":true,"href":"https:\/\/www.evearly.news\/fr\/wp-json\/wp\/v2\/comments?post=274341"}],"version-history":[{"count":0,"href":"https:\/\/www.evearly.news\/fr\/wp-json\/wp\/v2\/posts\/274341\/revisions"}],"wp:featuredmedia":[{"embeddable":true,"href":"https:\/\/www.evearly.news\/fr\/wp-json\/wp\/v2\/media\/274342"}],"wp:attachment":[{"href":"https:\/\/www.evearly.news\/fr\/wp-json\/wp\/v2\/media?parent=274341"}],"wp:term":[{"taxonomy":"category","embeddable":true,"href":"https:\/\/www.evearly.news\/fr\/wp-json\/wp\/v2\/categories?post=274341"},{"taxonomy":"post_tag","embeddable":true,"href":"https:\/\/www.evearly.news\/fr\/wp-json\/wp\/v2\/tags?post=274341"}],"curies":[{"name":"wp","href":"https:\/\/api.w.org\/{rel}","templated":true}]}}