{"id":274440,"date":"2024-02-10T20:21:49","date_gmt":"2024-02-10T19:21:49","guid":{"rendered":"https:\/\/www.evearly.news\/fr\/en-chine-volkswagen-lance-une-deuxieme-id-7\/"},"modified":"2024-02-10T20:21:49","modified_gmt":"2024-02-10T19:21:49","slug":"en-chine-volkswagen-lance-une-deuxieme-id-7","status":"publish","type":"post","link":"https:\/\/www.evearly.news\/fr\/en-chine-volkswagen-lance-une-deuxieme-id-7\/","title":{"rendered":"En Chine, Volkswagen lance une deuxi\u00e8me ID.7"},"content":{"rendered":"<p><img loading=\"lazy\" decoding=\"async\" width=\"500\" height=\"333\" src=\"https:\/\/www.evearly.news\/fr\/wp-content\/uploads\/sites\/6\/2024\/02\/en-chine-volkswagen-lance-une-deuxieme-id-7.jpg\" class=\"attachment-1200x800 size-1200x800 wp-post-image\" alt=\"\" srcset=\"https:\/\/www.evearly.news\/fr\/wp-content\/uploads\/sites\/6\/2024\/02\/en-chine-volkswagen-lance-une-deuxieme-id-7.jpg 1024w, https:\/\/www.evearly.news\/fr\/wp-content\/uploads\/sites\/6\/2024\/02\/en-chine-volkswagen-lance-une-deuxieme-id-7-1.jpg 768w, https:\/\/cdn.automobile-propre.com\/uploads\/2024\/02\/VW_ID7-S_02-551x413.jpg 551w\" sizes=\"auto, (max-width: 1024px) 100vw, 1024px\" \/><br \/>\nFid\u00e8le \u00e0 son habitude, Volkswagen multiplie les mod\u00e8les en Chine. Avec le lancement de la nouvelle ID.7 S, les clients auront d\u00e9sormais le choix entre deux ID.7 diff\u00e9rentes.\u00a0<a href=\"https:\/\/www.automobile-propre.com\/breves\/en-chine-volkswagen-lance-une-deuxieme-id-7\/\" target='bwindow' rel=\"noopener\">Lire la suite&#8230;<\/a><\/p>\n","protected":false},"excerpt":{"rendered":"<p>&#8230; <a class=\"continue-reading-link\" href=\"https:\/\/www.evearly.news\/fr\/en-chine-volkswagen-lance-une-deuxieme-id-7\/\"><\/a><\/p>\n","protected":false},"author":8,"featured_media":274441,"comment_status":"closed","ping_status":"open","sticky":false,"template":"Default","format":"standard","meta":{"footnotes":""},"categories":[8],"tags":[],"class_list":["post-274440","post","type-post","status-publish","format-standard","has-post-thumbnail","hentry","category-automobile-propre"],"_links":{"self":[{"href":"https:\/\/www.evearly.news\/fr\/wp-json\/wp\/v2\/posts\/274440","targetHints":{"allow":["GET"]}}],"collection":[{"href":"https:\/\/www.evearly.news\/fr\/wp-json\/wp\/v2\/posts"}],"about":[{"href":"https:\/\/www.evearly.news\/fr\/wp-json\/wp\/v2\/types\/post"}],"author":[{"embeddable":true,"href":"https:\/\/www.evearly.news\/fr\/wp-json\/wp\/v2\/users\/8"}],"replies":[{"embeddable":true,"href":"https:\/\/www.evearly.news\/fr\/wp-json\/wp\/v2\/comments?post=274440"}],"version-history":[{"count":0,"href":"https:\/\/www.evearly.news\/fr\/wp-json\/wp\/v2\/posts\/274440\/revisions"}],"wp:featuredmedia":[{"embeddable":true,"href":"https:\/\/www.evearly.news\/fr\/wp-json\/wp\/v2\/media\/274441"}],"wp:attachment":[{"href":"https:\/\/www.evearly.news\/fr\/wp-json\/wp\/v2\/media?parent=274440"}],"wp:term":[{"taxonomy":"category","embeddable":true,"href":"https:\/\/www.evearly.news\/fr\/wp-json\/wp\/v2\/categories?post=274440"},{"taxonomy":"post_tag","embeddable":true,"href":"https:\/\/www.evearly.news\/fr\/wp-json\/wp\/v2\/tags?post=274440"}],"curies":[{"name":"wp","href":"https:\/\/api.w.org\/{rel}","templated":true}]}}