{"id":274446,"date":"2024-02-10T21:21:21","date_gmt":"2024-02-10T20:21:21","guid":{"rendered":"https:\/\/www.evearly.news\/fr\/voici-a-quoi-ressemble-linterieur-de-la-voiture-electrique-de-xiaomi\/"},"modified":"2024-02-10T21:21:21","modified_gmt":"2024-02-10T20:21:21","slug":"voici-a-quoi-ressemble-linterieur-de-la-voiture-electrique-de-xiaomi","status":"publish","type":"post","link":"https:\/\/www.evearly.news\/fr\/voici-a-quoi-ressemble-linterieur-de-la-voiture-electrique-de-xiaomi\/","title":{"rendered":"Voici \u00e0 quoi ressemble l\u2019int\u00e9rieur de la voiture \u00e9lectrique de Xiaomi"},"content":{"rendered":"<p><img decoding=\"async\" width=\"500\" height=\"333\" src=\"https:\/\/www.evearly.news\/fr\/wp-content\/uploads\/sites\/6\/2024\/02\/voici-a-quoi-ressemble-linterieur-de-la-voiture-electrique-de-xiaomi.jpg\" class=\"attachment-1200x800 size-1200x800 wp-post-image\" alt=\"\" loading=\"lazy\" srcset=\"https:\/\/www.evearly.news\/fr\/wp-content\/uploads\/sites\/6\/2024\/02\/voici-a-quoi-ressemble-linterieur-de-la-voiture-electrique-de-xiaomi.jpg 1617w, https:\/\/www.evearly.news\/fr\/wp-content\/uploads\/sites\/6\/2024\/02\/voici-a-quoi-ressemble-linterieur-de-la-voiture-electrique-de-xiaomi-1.jpg 1024w, https:\/\/www.evearly.news\/fr\/wp-content\/uploads\/sites\/6\/2024\/02\/voici-a-quoi-ressemble-linterieur-de-la-voiture-electrique-de-xiaomi-2.jpg 768w, https:\/\/www.evearly.news\/fr\/wp-content\/uploads\/sites\/6\/2024\/02\/voici-a-quoi-ressemble-linterieur-de-la-voiture-electrique-de-xiaomi-3.jpg 1536w, https:\/\/cdn.automobile-propre.com\/uploads\/2024\/02\/SU7factory-e1707453705417-620x340.jpeg 620w\" sizes=\"auto, (max-width: 1200px) 100vw, 1200px\" \/><br \/>\nLa production de masse de la Xiaomi SU7 a-t-elle d\u00e9marr\u00e9 ? C\u2019est probable. Des centaines de mod\u00e8les ont \u00e9t\u00e9 aper\u00e7us\u2026\u00a0<a href=\"https:\/\/www.automobile-propre.com\/des-centaines-de-xiaomi-su7-ont-ete-apercues-sur-le-parking-dune-usine-a-pekin\/\" target='bwindow' rel=\"noopener\">Lire la suite&#8230;<\/a><\/p>\n","protected":false},"excerpt":{"rendered":"<p>&#8230; <a class=\"continue-reading-link\" href=\"https:\/\/www.evearly.news\/fr\/voici-a-quoi-ressemble-linterieur-de-la-voiture-electrique-de-xiaomi\/\"><\/a><\/p>\n","protected":false},"author":8,"featured_media":274447,"comment_status":"closed","ping_status":"open","sticky":false,"template":"Default","format":"standard","meta":{"footnotes":""},"categories":[8],"tags":[],"class_list":["post-274446","post","type-post","status-publish","format-standard","has-post-thumbnail","hentry","category-automobile-propre"],"_links":{"self":[{"href":"https:\/\/www.evearly.news\/fr\/wp-json\/wp\/v2\/posts\/274446","targetHints":{"allow":["GET"]}}],"collection":[{"href":"https:\/\/www.evearly.news\/fr\/wp-json\/wp\/v2\/posts"}],"about":[{"href":"https:\/\/www.evearly.news\/fr\/wp-json\/wp\/v2\/types\/post"}],"author":[{"embeddable":true,"href":"https:\/\/www.evearly.news\/fr\/wp-json\/wp\/v2\/users\/8"}],"replies":[{"embeddable":true,"href":"https:\/\/www.evearly.news\/fr\/wp-json\/wp\/v2\/comments?post=274446"}],"version-history":[{"count":0,"href":"https:\/\/www.evearly.news\/fr\/wp-json\/wp\/v2\/posts\/274446\/revisions"}],"wp:featuredmedia":[{"embeddable":true,"href":"https:\/\/www.evearly.news\/fr\/wp-json\/wp\/v2\/media\/274447"}],"wp:attachment":[{"href":"https:\/\/www.evearly.news\/fr\/wp-json\/wp\/v2\/media?parent=274446"}],"wp:term":[{"taxonomy":"category","embeddable":true,"href":"https:\/\/www.evearly.news\/fr\/wp-json\/wp\/v2\/categories?post=274446"},{"taxonomy":"post_tag","embeddable":true,"href":"https:\/\/www.evearly.news\/fr\/wp-json\/wp\/v2\/tags?post=274446"}],"curies":[{"name":"wp","href":"https:\/\/api.w.org\/{rel}","templated":true}]}}