{"id":274794,"date":"2024-02-15T18:52:34","date_gmt":"2024-02-15T17:52:34","guid":{"rendered":"https:\/\/www.evearly.news\/fr\/byd-fait-son-show-au-salon-de-geneve-les-dernieres-annonces-du-constructeur-automobile\/"},"modified":"2024-02-15T18:52:34","modified_gmt":"2024-02-15T17:52:34","slug":"byd-fait-son-show-au-salon-de-geneve-les-dernieres-annonces-du-constructeur-automobile","status":"publish","type":"post","link":"https:\/\/www.evearly.news\/fr\/byd-fait-son-show-au-salon-de-geneve-les-dernieres-annonces-du-constructeur-automobile\/","title":{"rendered":"BYD fait son show au salon de Gen\u00e8ve\u00a0: les derni\u00e8res annonces du constructeur automobile"},"content":{"rendered":"<p><img loading=\"lazy\" width=\"1500\" height=\"1000\" src=\"https:\/\/www.evearly.news\/fr\/wp-content\/uploads\/sites\/6\/2024\/02\/byd-fait-son-show-au-salon-de-geneve-les-dernieres-annonces-du-constructeur-automobile.jpg\" class=\"attachment-full size-full wp-post-image\" alt=\"Byd U8\" decoding=\"async\" srcset=\"https:\/\/www.evearly.news\/fr\/wp-content\/uploads\/sites\/6\/2024\/02\/byd-fait-son-show-au-salon-de-geneve-les-dernieres-annonces-du-constructeur-automobile.jpg 1500w, https:\/\/www.evearly.news\/fr\/wp-content\/uploads\/sites\/6\/2024\/02\/byd-fait-son-show-au-salon-de-geneve-les-dernieres-annonces-du-constructeur-automobile-1.jpg 504w, https:\/\/www.evearly.news\/fr\/wp-content\/uploads\/sites\/6\/2024\/02\/byd-fait-son-show-au-salon-de-geneve-les-dernieres-annonces-du-constructeur-automobile-2.jpg 1024w, https:\/\/www.evearly.news\/fr\/wp-content\/uploads\/sites\/6\/2024\/02\/byd-fait-son-show-au-salon-de-geneve-les-dernieres-annonces-du-constructeur-automobile-3.jpg 50w, https:\/\/www.evearly.news\/fr\/wp-content\/uploads\/sites\/6\/2024\/02\/byd-fait-son-show-au-salon-de-geneve-les-dernieres-annonces-du-constructeur-automobile-4.jpg 336w, https:\/\/www.evearly.news\/fr\/wp-content\/uploads\/sites\/6\/2024\/02\/byd-fait-son-show-au-salon-de-geneve-les-dernieres-annonces-du-constructeur-automobile-5.jpg 1400w, https:\/\/www.evearly.news\/fr\/wp-content\/uploads\/sites\/6\/2024\/02\/byd-fait-son-show-au-salon-de-geneve-les-dernieres-annonces-du-constructeur-automobile-6.jpg 680w, https:\/\/www.presse-citron.net\/app\/uploads\/2024\/02\/byd-u8-896x597.jpg 896w\" sizes=\"auto, (max-width: 1500px) 100vw, 1500px\"><\/p>\n<p>BYD a profit\u00e9 du salon international de l&rsquo;automobile de Gen\u00e8ve pour r\u00e9aliser une s\u00e9rie d&rsquo;annonces importantes sur ses gammes et technologies en Europe.<a href=\"https:\/\/www.presse-citron.net\/byd-fait-son-show-au-salon-de-geneve-les-dernieres-annonces-du-constructeur-automobile\/\" target='bwindow' rel=\"noopener\"> Lire la suite&#8230;<\/a><\/p>\n","protected":false},"excerpt":{"rendered":"<p>BYD a profit\u00e9 du salon international de l&rsquo;automobile de Gen\u00e8ve pour r\u00e9aliser une s\u00e9rie d&rsquo;annonces importantes sur ses gammes et technologies en Europe&#8230;. <a class=\"continue-reading-link\" href=\"https:\/\/www.evearly.news\/fr\/byd-fait-son-show-au-salon-de-geneve-les-dernieres-annonces-du-constructeur-automobile\/\"><\/a><\/p>\n","protected":false},"author":18,"featured_media":274795,"comment_status":"closed","ping_status":"open","sticky":false,"template":"Default","format":"standard","meta":{"footnotes":""},"categories":[19],"tags":[],"class_list":["post-274794","post","type-post","status-publish","format-standard","has-post-thumbnail","hentry","category-presse-citron"],"_links":{"self":[{"href":"https:\/\/www.evearly.news\/fr\/wp-json\/wp\/v2\/posts\/274794","targetHints":{"allow":["GET"]}}],"collection":[{"href":"https:\/\/www.evearly.news\/fr\/wp-json\/wp\/v2\/posts"}],"about":[{"href":"https:\/\/www.evearly.news\/fr\/wp-json\/wp\/v2\/types\/post"}],"author":[{"embeddable":true,"href":"https:\/\/www.evearly.news\/fr\/wp-json\/wp\/v2\/users\/18"}],"replies":[{"embeddable":true,"href":"https:\/\/www.evearly.news\/fr\/wp-json\/wp\/v2\/comments?post=274794"}],"version-history":[{"count":0,"href":"https:\/\/www.evearly.news\/fr\/wp-json\/wp\/v2\/posts\/274794\/revisions"}],"wp:featuredmedia":[{"embeddable":true,"href":"https:\/\/www.evearly.news\/fr\/wp-json\/wp\/v2\/media\/274795"}],"wp:attachment":[{"href":"https:\/\/www.evearly.news\/fr\/wp-json\/wp\/v2\/media?parent=274794"}],"wp:term":[{"taxonomy":"category","embeddable":true,"href":"https:\/\/www.evearly.news\/fr\/wp-json\/wp\/v2\/categories?post=274794"},{"taxonomy":"post_tag","embeddable":true,"href":"https:\/\/www.evearly.news\/fr\/wp-json\/wp\/v2\/tags?post=274794"}],"curies":[{"name":"wp","href":"https:\/\/api.w.org\/{rel}","templated":true}]}}