{"id":274815,"date":"2024-02-16T10:54:53","date_gmt":"2024-02-16T09:54:53","guid":{"rendered":"https:\/\/www.evearly.news\/fr\/smart-devoile-le-smart-1-son-mini-suv-electrique-plein-de-style-mais-pas-seulement\/"},"modified":"2024-02-16T10:54:53","modified_gmt":"2024-02-16T09:54:53","slug":"smart-devoile-le-smart-1-son-mini-suv-electrique-plein-de-style-mais-pas-seulement","status":"publish","type":"post","link":"https:\/\/www.evearly.news\/fr\/smart-devoile-le-smart-1-son-mini-suv-electrique-plein-de-style-mais-pas-seulement\/","title":{"rendered":"Smart d\u00e9voile le Smart #1, son mini-SUV \u00e9lectrique plein de style (mais pas seulement)"},"content":{"rendered":"<p><img loading=\"lazy\" width=\"1500\" height=\"1000\" src=\"https:\/\/www.evearly.news\/fr\/wp-content\/uploads\/sites\/6\/2024\/02\/smart-devoile-le-smart-1-son-mini-suv-electrique-plein-de-style-mais-pas-seulement.jpg\" class=\"attachment-full size-full wp-post-image\" alt=\"Smart 1 Officielle\" decoding=\"async\" srcset=\"https:\/\/www.evearly.news\/fr\/wp-content\/uploads\/sites\/6\/2024\/02\/smart-devoile-le-smart-1-son-mini-suv-electrique-plein-de-style-mais-pas-seulement.jpg 1500w, https:\/\/www.evearly.news\/fr\/wp-content\/uploads\/sites\/6\/2024\/02\/smart-devoile-le-smart-1-son-mini-suv-electrique-plein-de-style-mais-pas-seulement-1.jpg 504w, https:\/\/www.evearly.news\/fr\/wp-content\/uploads\/sites\/6\/2024\/02\/smart-devoile-le-smart-1-son-mini-suv-electrique-plein-de-style-mais-pas-seulement-2.jpg 1024w, https:\/\/www.evearly.news\/fr\/wp-content\/uploads\/sites\/6\/2024\/02\/smart-devoile-le-smart-1-son-mini-suv-electrique-plein-de-style-mais-pas-seulement-3.jpg 50w, https:\/\/www.evearly.news\/fr\/wp-content\/uploads\/sites\/6\/2024\/02\/smart-devoile-le-smart-1-son-mini-suv-electrique-plein-de-style-mais-pas-seulement-4.jpg 336w, https:\/\/www.evearly.news\/fr\/wp-content\/uploads\/sites\/6\/2024\/02\/smart-devoile-le-smart-1-son-mini-suv-electrique-plein-de-style-mais-pas-seulement-5.jpg 1400w, https:\/\/www.evearly.news\/fr\/wp-content\/uploads\/sites\/6\/2024\/02\/smart-devoile-le-smart-1-son-mini-suv-electrique-plein-de-style-mais-pas-seulement-6.jpg 680w, https:\/\/www.presse-citron.net\/app\/uploads\/2024\/02\/smart-1-officielle-896x597.jpg 896w\" sizes=\"auto, (max-width: 1500px) 100vw, 1500px\"><\/p>\n<p>Smart se r\u00e9invente. Avec le Smart #1, le constructeur marque son grand retour sur la sc\u00e8ne automobile europ\u00e9enne avec un tout nouveau visage. Au revoir la micro-citadine iconique, bonjour le mini-SUV \u00e9lectrique.<a href=\"https:\/\/www.presse-citron.net\/smart-devoile-le-smart-1-son-mini-suv-electrique-plein-de-style-mais-pas-seulement\/\" target='bwindow' rel=\"noopener\"> Lire la suite&#8230;<\/a><\/p>\n","protected":false},"excerpt":{"rendered":"<p>Smart se r\u00e9invente. Avec le Smart #1, le constructeur marque son grand retour sur la sc\u00e8ne automobile europ\u00e9enne avec un tout nouveau visage. Au revoir la micro-citadine iconique, bonjour le mini-SUV \u00e9lectrique&#8230;. <a class=\"continue-reading-link\" href=\"https:\/\/www.evearly.news\/fr\/smart-devoile-le-smart-1-son-mini-suv-electrique-plein-de-style-mais-pas-seulement\/\"><\/a><\/p>\n","protected":false},"author":18,"featured_media":274816,"comment_status":"closed","ping_status":"open","sticky":false,"template":"Default","format":"standard","meta":{"footnotes":""},"categories":[19],"tags":[],"class_list":["post-274815","post","type-post","status-publish","format-standard","has-post-thumbnail","hentry","category-presse-citron"],"_links":{"self":[{"href":"https:\/\/www.evearly.news\/fr\/wp-json\/wp\/v2\/posts\/274815","targetHints":{"allow":["GET"]}}],"collection":[{"href":"https:\/\/www.evearly.news\/fr\/wp-json\/wp\/v2\/posts"}],"about":[{"href":"https:\/\/www.evearly.news\/fr\/wp-json\/wp\/v2\/types\/post"}],"author":[{"embeddable":true,"href":"https:\/\/www.evearly.news\/fr\/wp-json\/wp\/v2\/users\/18"}],"replies":[{"embeddable":true,"href":"https:\/\/www.evearly.news\/fr\/wp-json\/wp\/v2\/comments?post=274815"}],"version-history":[{"count":0,"href":"https:\/\/www.evearly.news\/fr\/wp-json\/wp\/v2\/posts\/274815\/revisions"}],"wp:featuredmedia":[{"embeddable":true,"href":"https:\/\/www.evearly.news\/fr\/wp-json\/wp\/v2\/media\/274816"}],"wp:attachment":[{"href":"https:\/\/www.evearly.news\/fr\/wp-json\/wp\/v2\/media?parent=274815"}],"wp:term":[{"taxonomy":"category","embeddable":true,"href":"https:\/\/www.evearly.news\/fr\/wp-json\/wp\/v2\/categories?post=274815"},{"taxonomy":"post_tag","embeddable":true,"href":"https:\/\/www.evearly.news\/fr\/wp-json\/wp\/v2\/tags?post=274815"}],"curies":[{"name":"wp","href":"https:\/\/api.w.org\/{rel}","templated":true}]}}