{"id":275003,"date":"2024-02-19T18:53:02","date_gmt":"2024-02-19T17:53:02","guid":{"rendered":"https:\/\/www.evearly.news\/fr\/presentation-video-volkswagen-id-7-tourer-2024-la-bmw-i5-du-peuple\/"},"modified":"2024-02-19T18:53:02","modified_gmt":"2024-02-19T17:53:02","slug":"presentation-video-volkswagen-id-7-tourer-2024-la-bmw-i5-du-peuple","status":"publish","type":"post","link":"https:\/\/www.evearly.news\/fr\/presentation-video-volkswagen-id-7-tourer-2024-la-bmw-i5-du-peuple\/","title":{"rendered":"Pr\u00e9sentation vid\u00e9o &#8211; Volkswagen ID.7 Tourer (2024) : la BMW i5 du peuple"},"content":{"rendered":"<p><img decoding=\"async\" src=\"https:\/\/www.evearly.news\/fr\/wp-content\/uploads\/sites\/6\/2024\/02\/presentation-video-volkswagen-id-7-tourer-2024-la-bmw-i5-du-peuple.jpg\"\/><br \/>\n\t\t\t\t\tQuel est le point commun entre le nouveau break familial \u00e9lectrique de Volkswagen et la Renault Laguna de troisi\u00e8me g\u00e9n\u00e9ration ? l&rsquo;ID.7 Tourer, l&rsquo;un des tr\u00e8s rares mod\u00e8les du genre sur le march\u00e9 actuel, esp\u00e8re en tout cas piquer des clients \u00e0 la nouvelle BMW i5 Touring. <a href=\"https:\/\/www.caradisiac.com\/presentation-video-volkswagen-id-7-tourer-2024-la-bmw-i5-du-peuple-207141.htm#xtor=RSS-40\" target=\"blank\" rel=\"noopener\">Lire la suite&#8230;<\/a><\/p>\n","protected":false},"excerpt":{"rendered":"<p><img decoding=\"async\" src=\"https:\/\/www.evearly.news\/fr\/wp-content\/uploads\/sites\/6\/2024\/02\/presentation-video-volkswagen-id-7-tourer-2024-la-bmw-i5-du-peuple.jpg\" \/><br \/>\n\t\t\t\t\tQuel est le point commun entre le nouveau break familial \u00e9lectrique de Volkswagen et la Renault Laguna de troisi\u00e8me g\u00e9n\u00e9ration ? l&rsquo;ID.7 Tourer, l&rsquo;un des tr\u00e8s rares mod\u00e8les du genre sur le march\u00e9 actuel, esp\u00e8re en tout cas piquer des clients \u00e0 la nouvelle BMW i5 Touring.<\/p>\n<p> <a class=\"continue-reading-link\" href=\"https:\/\/www.evearly.news\/fr\/presentation-video-volkswagen-id-7-tourer-2024-la-bmw-i5-du-peuple\/\"><\/a><\/p>\n","protected":false},"author":11,"featured_media":275004,"comment_status":"closed","ping_status":"open","sticky":false,"template":"Default","format":"standard","meta":{"footnotes":""},"categories":[11],"tags":[],"class_list":["post-275003","post","type-post","status-publish","format-standard","has-post-thumbnail","hentry","category-caradisiac"],"_links":{"self":[{"href":"https:\/\/www.evearly.news\/fr\/wp-json\/wp\/v2\/posts\/275003","targetHints":{"allow":["GET"]}}],"collection":[{"href":"https:\/\/www.evearly.news\/fr\/wp-json\/wp\/v2\/posts"}],"about":[{"href":"https:\/\/www.evearly.news\/fr\/wp-json\/wp\/v2\/types\/post"}],"author":[{"embeddable":true,"href":"https:\/\/www.evearly.news\/fr\/wp-json\/wp\/v2\/users\/11"}],"replies":[{"embeddable":true,"href":"https:\/\/www.evearly.news\/fr\/wp-json\/wp\/v2\/comments?post=275003"}],"version-history":[{"count":0,"href":"https:\/\/www.evearly.news\/fr\/wp-json\/wp\/v2\/posts\/275003\/revisions"}],"wp:featuredmedia":[{"embeddable":true,"href":"https:\/\/www.evearly.news\/fr\/wp-json\/wp\/v2\/media\/275004"}],"wp:attachment":[{"href":"https:\/\/www.evearly.news\/fr\/wp-json\/wp\/v2\/media?parent=275003"}],"wp:term":[{"taxonomy":"category","embeddable":true,"href":"https:\/\/www.evearly.news\/fr\/wp-json\/wp\/v2\/categories?post=275003"},{"taxonomy":"post_tag","embeddable":true,"href":"https:\/\/www.evearly.news\/fr\/wp-json\/wp\/v2\/tags?post=275003"}],"curies":[{"name":"wp","href":"https:\/\/api.w.org\/{rel}","templated":true}]}}