{"id":275011,"date":"2024-02-19T19:50:03","date_gmt":"2024-02-19T18:50:03","guid":{"rendered":"https:\/\/www.evearly.news\/fr\/volkswagen-id-7-tourer-premiere-rencontre-avec-le-break-electrique-allemand\/"},"modified":"2024-02-19T19:50:03","modified_gmt":"2024-02-19T18:50:03","slug":"volkswagen-id-7-tourer-premiere-rencontre-avec-le-break-electrique-allemand","status":"publish","type":"post","link":"https:\/\/www.evearly.news\/fr\/volkswagen-id-7-tourer-premiere-rencontre-avec-le-break-electrique-allemand\/","title":{"rendered":"Volkswagen ID.7 Tourer : premi\u00e8re rencontre avec le break \u00e9lectrique allemand"},"content":{"rendered":"<p><img decoding=\"async\" src=\"https:\/\/www.evearly.news\/fr\/wp-content\/uploads\/sites\/6\/2024\/02\/volkswagen-id-7-tourer-premiere-rencontre-avec-le-break-electrique-allemand.webp\" alt=\"auto-moto\"><br \/>Volkswagen l\u00e8ve le voile sur la variante break de son \u00e9lectrique ID.7. Baptis\u00e9e ID.7 Tourer, cette version embarque une batterie plus imposante pour gagner en autonomie et offre plus d\u2019espace \u00e0 bord pour convenir aux familles. D\u00e9couverte. <a href=\"https:\/\/www.auto-moto.com\/break\/volkswagen-id7-tourer--premiere-rencontre-avec-le-break-electrique-allemand-30063\" target=\"blank\" rel=\"noopener\">Lire la suite&#8230;<\/a><\/p>\n","protected":false},"excerpt":{"rendered":"<p>Volkswagen l\u00e8ve le voile sur la variante break de son \u00e9lectrique ID.7. Baptis\u00e9e ID.7 Tourer, cette version embarque une batterie plus imposante pour gagner en autonomie et offre plus d\u2019espace \u00e0 bord pour convenir aux familles. D\u00e9couverte&#8230;. <a class=\"continue-reading-link\" href=\"https:\/\/www.evearly.news\/fr\/volkswagen-id-7-tourer-premiere-rencontre-avec-le-break-electrique-allemand\/\"><\/a><\/p>\n","protected":false},"author":9,"featured_media":275012,"comment_status":"closed","ping_status":"open","sticky":false,"template":"Default","format":"standard","meta":{"footnotes":""},"categories":[10],"tags":[],"class_list":["post-275011","post","type-post","status-publish","format-standard","has-post-thumbnail","hentry","category-auto-moto-com"],"_links":{"self":[{"href":"https:\/\/www.evearly.news\/fr\/wp-json\/wp\/v2\/posts\/275011","targetHints":{"allow":["GET"]}}],"collection":[{"href":"https:\/\/www.evearly.news\/fr\/wp-json\/wp\/v2\/posts"}],"about":[{"href":"https:\/\/www.evearly.news\/fr\/wp-json\/wp\/v2\/types\/post"}],"author":[{"embeddable":true,"href":"https:\/\/www.evearly.news\/fr\/wp-json\/wp\/v2\/users\/9"}],"replies":[{"embeddable":true,"href":"https:\/\/www.evearly.news\/fr\/wp-json\/wp\/v2\/comments?post=275011"}],"version-history":[{"count":0,"href":"https:\/\/www.evearly.news\/fr\/wp-json\/wp\/v2\/posts\/275011\/revisions"}],"wp:featuredmedia":[{"embeddable":true,"href":"https:\/\/www.evearly.news\/fr\/wp-json\/wp\/v2\/media\/275012"}],"wp:attachment":[{"href":"https:\/\/www.evearly.news\/fr\/wp-json\/wp\/v2\/media?parent=275011"}],"wp:term":[{"taxonomy":"category","embeddable":true,"href":"https:\/\/www.evearly.news\/fr\/wp-json\/wp\/v2\/categories?post=275011"},{"taxonomy":"post_tag","embeddable":true,"href":"https:\/\/www.evearly.news\/fr\/wp-json\/wp\/v2\/tags?post=275011"}],"curies":[{"name":"wp","href":"https:\/\/api.w.org\/{rel}","templated":true}]}}