{"id":275023,"date":"2024-02-20T07:50:04","date_gmt":"2024-02-20T06:50:04","guid":{"rendered":"https:\/\/www.evearly.news\/fr\/pas-assez-de-petites-voitures-electriques-en-europe-selon-te\/"},"modified":"2024-02-20T07:50:04","modified_gmt":"2024-02-20T06:50:04","slug":"pas-assez-de-petites-voitures-electriques-en-europe-selon-te","status":"publish","type":"post","link":"https:\/\/www.evearly.news\/fr\/pas-assez-de-petites-voitures-electriques-en-europe-selon-te\/","title":{"rendered":"Pas assez de petites voitures \u00e9lectriques en Europe selon T&amp;E"},"content":{"rendered":"<p><img width=\"1000\" height=\"563\" src=\"https:\/\/www.evearly.news\/fr\/wp-content\/uploads\/sites\/6\/2024\/02\/pas-assez-de-petites-voitures-electriques-en-europe-selon-te.jpg\" class=\"attachment-post-thumbnail size-post-thumbnail wp-post-image\" alt=\"Salon du v\u00e9hicule \u00e9lectrique communaut\u00e9 utilisateurs voitures \u00e9lectriques\" decoding=\"async\" fetchpriority=\"high\" srcset=\"https:\/\/www.evearly.news\/fr\/wp-content\/uploads\/sites\/6\/2024\/02\/pas-assez-de-petites-voitures-electriques-en-europe-selon-te.jpg 1000w, https:\/\/www.evearly.news\/fr\/wp-content\/uploads\/sites\/6\/2024\/02\/pas-assez-de-petites-voitures-electriques-en-europe-selon-te-1.jpg 300w, https:\/\/www.evearly.news\/fr\/wp-content\/uploads\/sites\/6\/2024\/02\/pas-assez-de-petites-voitures-electriques-en-europe-selon-te-2.jpg 998w, https:\/\/www.avem.fr\/wp-content\/uploads\/2022\/09\/ACTC0905_SalonVE22b-768x432.jpg 768w\" sizes=\"(max-width: 1000px) 100vw, 1000px\" \/>Dans une nouvelle \u00e9tude, l\u2019ONG Transport &#038; Environment pointe les effets pervers d\u2019un manque en voitures \u00e9lectriques compactes sur les march\u00e9s branch\u00e9s europ\u00e9ens. \u00a0 Flashback Dans son \u00e9tude de 21 pages, T&#038;E ne fait que dire ce que pensent de plus en plus d\u2019automobilistes europ\u00e9ens, et en particulier fran\u00e7ais. A [\u2026] <a href=\"https:\/\/www.avem.fr\/2024\/02\/20\/pas-assez-de-petites-voitures-electriques-en-europe-selon-te\/\" target=\"blank\" rel=\"noopener\">Lire la suite&#8230;<\/a><\/p>\n","protected":false},"excerpt":{"rendered":"<p><img loading=\"lazy\" decoding=\"async\" width=\"1000\" height=\"563\" src=\"https:\/\/www.evearly.news\/fr\/wp-content\/uploads\/sites\/6\/2024\/02\/pas-assez-de-petites-voitures-electriques-en-europe-selon-te.jpg\" class=\"attachment-post-thumbnail size-post-thumbnail wp-post-image\" alt=\"Salon du v\u00e9hicule \u00e9lectrique communaut\u00e9 utilisateurs voitures \u00e9lectriques\" \/>Dans une nouvelle \u00e9tude, l\u2019ONG Transport &amp; Environment pointe les effets pervers d\u2019un manque en voitures \u00e9lectriques compactes sur les march\u00e9s branch\u00e9s europ\u00e9ens. \u00a0 Flashback Dans son \u00e9tude de 21 pages, T&amp;E ne fait que dire ce que pensent de plus en plus d\u2019automobilistes europ\u00e9ens, et en particulier fran\u00e7ais. A [\u2026] <a class=\"continue-reading-link\" href=\"https:\/\/www.evearly.news\/fr\/pas-assez-de-petites-voitures-electriques-en-europe-selon-te\/\"><\/a><\/p>\n","protected":false},"author":3,"featured_media":275024,"comment_status":"closed","ping_status":"open","sticky":false,"template":"Default","format":"standard","meta":{"footnotes":""},"categories":[3],"tags":[],"class_list":["post-275023","post","type-post","status-publish","format-standard","has-post-thumbnail","hentry","category-avem"],"_links":{"self":[{"href":"https:\/\/www.evearly.news\/fr\/wp-json\/wp\/v2\/posts\/275023","targetHints":{"allow":["GET"]}}],"collection":[{"href":"https:\/\/www.evearly.news\/fr\/wp-json\/wp\/v2\/posts"}],"about":[{"href":"https:\/\/www.evearly.news\/fr\/wp-json\/wp\/v2\/types\/post"}],"author":[{"embeddable":true,"href":"https:\/\/www.evearly.news\/fr\/wp-json\/wp\/v2\/users\/3"}],"replies":[{"embeddable":true,"href":"https:\/\/www.evearly.news\/fr\/wp-json\/wp\/v2\/comments?post=275023"}],"version-history":[{"count":0,"href":"https:\/\/www.evearly.news\/fr\/wp-json\/wp\/v2\/posts\/275023\/revisions"}],"wp:featuredmedia":[{"embeddable":true,"href":"https:\/\/www.evearly.news\/fr\/wp-json\/wp\/v2\/media\/275024"}],"wp:attachment":[{"href":"https:\/\/www.evearly.news\/fr\/wp-json\/wp\/v2\/media?parent=275023"}],"wp:term":[{"taxonomy":"category","embeddable":true,"href":"https:\/\/www.evearly.news\/fr\/wp-json\/wp\/v2\/categories?post=275023"},{"taxonomy":"post_tag","embeddable":true,"href":"https:\/\/www.evearly.news\/fr\/wp-json\/wp\/v2\/tags?post=275023"}],"curies":[{"name":"wp","href":"https:\/\/api.w.org\/{rel}","templated":true}]}}