{"id":275073,"date":"2024-02-20T15:52:18","date_gmt":"2024-02-20T14:52:18","guid":{"rendered":"https:\/\/www.evearly.news\/fr\/voitures-electriques-ou-rechargeables-les-japonais-nen-veulent-toujours-pas\/"},"modified":"2024-02-20T15:52:18","modified_gmt":"2024-02-20T14:52:18","slug":"voitures-electriques-ou-rechargeables-les-japonais-nen-veulent-toujours-pas","status":"publish","type":"post","link":"https:\/\/www.evearly.news\/fr\/voitures-electriques-ou-rechargeables-les-japonais-nen-veulent-toujours-pas\/","title":{"rendered":"Voitures \u00e9lectriques ou rechargeables ? Les Japonais n&rsquo;en veulent toujours pas"},"content":{"rendered":"<div class=\"media_block\"><img decoding=\"async\" src=\"https:\/\/www.evearly.news\/fr\/wp-content\/uploads\/sites\/6\/2024\/02\/voitures-electriques-ou-rechargeables-les-japonais-nen-veulent-toujours-pas.jpg\"><\/div>\n<p>En 2023, le seul pays d\u00e9velopp\u00e9 et march\u00e9 automobile majeur qui continue de bouder les v\u00e9hicules rechargeables est le Japon. Les raisons sont multiples, mais la \u00ab\u00a0faute\u00a0\u00bb incombe surtout&#8230; \u00e0 Toyota. <a href=\"https:\/\/www.automobile-magazine.fr\/voitures-electriques\/article\/41918-voitures-electriques-ou-rechargeables-les-japonais-nen-veulent-toujours-pas\" target='bwindow' rel=\"noopener\">Lire la suite&#8230;<\/a><\/p>\n","protected":false},"excerpt":{"rendered":"<div class=\"media_block\"><img decoding=\"async\" src=\"https:\/\/www.evearly.news\/fr\/wp-content\/uploads\/sites\/6\/2024\/02\/voitures-electriques-ou-rechargeables-les-japonais-nen-veulent-toujours-pas.jpg\"><\/div>\n<p> <a class=\"continue-reading-link\" href=\"https:\/\/www.evearly.news\/fr\/voitures-electriques-ou-rechargeables-les-japonais-nen-veulent-toujours-pas\/\"><\/a><\/p>\n","protected":false},"author":7,"featured_media":275074,"comment_status":"closed","ping_status":"open","sticky":false,"template":"Default","format":"standard","meta":{"footnotes":""},"categories":[7],"tags":[],"class_list":["post-275073","post","type-post","status-publish","format-standard","has-post-thumbnail","hentry","category-automobile-magazine"],"_links":{"self":[{"href":"https:\/\/www.evearly.news\/fr\/wp-json\/wp\/v2\/posts\/275073","targetHints":{"allow":["GET"]}}],"collection":[{"href":"https:\/\/www.evearly.news\/fr\/wp-json\/wp\/v2\/posts"}],"about":[{"href":"https:\/\/www.evearly.news\/fr\/wp-json\/wp\/v2\/types\/post"}],"author":[{"embeddable":true,"href":"https:\/\/www.evearly.news\/fr\/wp-json\/wp\/v2\/users\/7"}],"replies":[{"embeddable":true,"href":"https:\/\/www.evearly.news\/fr\/wp-json\/wp\/v2\/comments?post=275073"}],"version-history":[{"count":0,"href":"https:\/\/www.evearly.news\/fr\/wp-json\/wp\/v2\/posts\/275073\/revisions"}],"wp:featuredmedia":[{"embeddable":true,"href":"https:\/\/www.evearly.news\/fr\/wp-json\/wp\/v2\/media\/275074"}],"wp:attachment":[{"href":"https:\/\/www.evearly.news\/fr\/wp-json\/wp\/v2\/media?parent=275073"}],"wp:term":[{"taxonomy":"category","embeddable":true,"href":"https:\/\/www.evearly.news\/fr\/wp-json\/wp\/v2\/categories?post=275073"},{"taxonomy":"post_tag","embeddable":true,"href":"https:\/\/www.evearly.news\/fr\/wp-json\/wp\/v2\/tags?post=275073"}],"curies":[{"name":"wp","href":"https:\/\/api.w.org\/{rel}","templated":true}]}}