{"id":275075,"date":"2024-02-20T15:55:15","date_gmt":"2024-02-20T14:55:15","guid":{"rendered":"https:\/\/www.evearly.news\/fr\/la-voiture-electrique-de-cupra-evolue-en-profondeur-une-volkswagen-id-3-encore-plus-puissante-avec-570-km-dautonomie\/"},"modified":"2024-02-20T15:55:15","modified_gmt":"2024-02-20T14:55:15","slug":"la-voiture-electrique-de-cupra-evolue-en-profondeur-une-volkswagen-id-3-encore-plus-puissante-avec-570-km-dautonomie","status":"publish","type":"post","link":"https:\/\/www.evearly.news\/fr\/la-voiture-electrique-de-cupra-evolue-en-profondeur-une-volkswagen-id-3-encore-plus-puissante-avec-570-km-dautonomie\/","title":{"rendered":"La voiture \u00e9lectrique de Cupra \u00e9volue en profondeur : une Volkswagen ID.3 encore plus puissante, avec 570 km d\u2019autonomie"},"content":{"rendered":"<p><img width=\"1200\" height=\"711\" src=\"https:\/\/www.evearly.news\/fr\/wp-content\/uploads\/sites\/6\/2024\/02\/la-voiture-electrique-de-cupra-evolue-en-profondeur-une-volkswagen-id-3-encore-plus-puissante-avec-570-km-dautonomie.jpg\" class=\"attachment-large size-large wp-post-image\" alt=\"\" decoding=\"async\" loading=\"lazy\" \/<br \/>Apr\u00e8s environ trois ans de bons et loyaux services, la voiture \u00e9lectrique Cupra Born se met \u00e0 jour, avec une nouvelle version VZ. Au programme, une puissance accrue, des performances un poil d\u00e9cevantes et une plus grosse batterie permettant d&rsquo;augmenter l\u00e9g\u00e8rement l&rsquo;autonomie pour la cousine de la Volkswagen ID.3. L&rsquo;int\u00e9rieur a l\u00e9g\u00e8rement \u00e9t\u00e9 revu. <a href=\"https:\/\/www.frandroid.com\/marques\/cupra\/1942198_la-voiture-electrique-de-cupra-evolue-en-profondeur-une-volkswagen-id-3-encore-plus-puissante-avec-570-km-dautonomie\" target=\"blank\" rel=\"noopener\">Lire la suite&#8230;<\/a><\/p>\n","protected":false},"excerpt":{"rendered":"<p>&lt;img width=&quot;1200&quot; height=&quot;711&quot; src=&quot;https:\/\/www.evearly.news\/fr\/wp-content\/uploads\/sites\/6\/2024\/02\/la-voiture-electrique-de-cupra-evolue-en-profondeur-une-volkswagen-id-3-encore-plus-puissante-avec-570-km-dautonomie.jpg&quot; class=&quot;attachment-large size-large wp-post-image&quot; alt=&quot;&quot; decoding=&quot;async&quot; loading=&quot;lazy&quot; \/<br \/>Apr\u00e8s environ trois ans de bons et loyaux services, la voiture \u00e9lectrique Cupra Born se met \u00e0 jour, avec une nouvelle version VZ. Au programme, une puissance accrue, des performances un poil d\u00e9cevantes et une plus grosse batterie permettant d&rsquo;augmenter l\u00e9g\u00e8rement l&rsquo;autonomie pour la cousine de la Volkswagen ID.3. L&rsquo;int\u00e9rieur a l\u00e9g\u00e8rement \u00e9t\u00e9 revu.<\/p>\n<p> <a class=\"continue-reading-link\" href=\"https:\/\/www.evearly.news\/fr\/la-voiture-electrique-de-cupra-evolue-en-profondeur-une-volkswagen-id-3-encore-plus-puissante-avec-570-km-dautonomie\/\"><\/a><\/p>\n","protected":false},"author":6,"featured_media":275076,"comment_status":"closed","ping_status":"open","sticky":false,"template":"Default","format":"standard","meta":{"footnotes":""},"categories":[14],"tags":[],"class_list":["post-275075","post","type-post","status-publish","format-standard","has-post-thumbnail","hentry","category-frandroid"],"_links":{"self":[{"href":"https:\/\/www.evearly.news\/fr\/wp-json\/wp\/v2\/posts\/275075","targetHints":{"allow":["GET"]}}],"collection":[{"href":"https:\/\/www.evearly.news\/fr\/wp-json\/wp\/v2\/posts"}],"about":[{"href":"https:\/\/www.evearly.news\/fr\/wp-json\/wp\/v2\/types\/post"}],"author":[{"embeddable":true,"href":"https:\/\/www.evearly.news\/fr\/wp-json\/wp\/v2\/users\/6"}],"replies":[{"embeddable":true,"href":"https:\/\/www.evearly.news\/fr\/wp-json\/wp\/v2\/comments?post=275075"}],"version-history":[{"count":0,"href":"https:\/\/www.evearly.news\/fr\/wp-json\/wp\/v2\/posts\/275075\/revisions"}],"wp:featuredmedia":[{"embeddable":true,"href":"https:\/\/www.evearly.news\/fr\/wp-json\/wp\/v2\/media\/275076"}],"wp:attachment":[{"href":"https:\/\/www.evearly.news\/fr\/wp-json\/wp\/v2\/media?parent=275075"}],"wp:term":[{"taxonomy":"category","embeddable":true,"href":"https:\/\/www.evearly.news\/fr\/wp-json\/wp\/v2\/categories?post=275075"},{"taxonomy":"post_tag","embeddable":true,"href":"https:\/\/www.evearly.news\/fr\/wp-json\/wp\/v2\/tags?post=275075"}],"curies":[{"name":"wp","href":"https:\/\/api.w.org\/{rel}","templated":true}]}}