{"id":275077,"date":"2024-02-20T16:20:06","date_gmt":"2024-02-20T15:20:06","guid":{"rendered":"https:\/\/www.evearly.news\/fr\/cupra-born-vz-la-version-sportive-de-la-compacte-electrique-devoilee-avant-lid-3-gtx\/"},"modified":"2024-02-20T16:20:06","modified_gmt":"2024-02-20T15:20:06","slug":"cupra-born-vz-la-version-sportive-de-la-compacte-electrique-devoilee-avant-lid-3-gtx","status":"publish","type":"post","link":"https:\/\/www.evearly.news\/fr\/cupra-born-vz-la-version-sportive-de-la-compacte-electrique-devoilee-avant-lid-3-gtx\/","title":{"rendered":"Cupra Born VZ : la version sportive de la compacte \u00e9lectrique d\u00e9voil\u00e9e avant l\u2019ID.3 GTX !"},"content":{"rendered":"<p><img decoding=\"async\" src=\"https:\/\/www.evearly.news\/fr\/wp-content\/uploads\/sites\/6\/2024\/02\/cupra-born-vz-la-version-sportive-de-la-compacte-electrique-devoilee-avant-lid-3-gtx.webp\" alt=\"auto-moto\"><br \/>Cupra prend finalement un peu d\u2019avance sur Volkswagen en pr\u00e9sentant sa version sportive de la compacte \u00e9lectrique Born, alors qu\u2019on attend toujours l\u2019ID.3 GTX, annonc\u00e9e depuis 2022\u2026 <a href=\"https:\/\/www.auto-moto.com\/electrique\/cupra-born-vz--la-version-sportive-de-la-compacte-electrique-devoilee-avant-l-id3-gtx--30194\" target=\"blank\" rel=\"noopener\">Lire la suite&#8230;<\/a><\/p>\n","protected":false},"excerpt":{"rendered":"<p>Cupra prend finalement un peu d\u2019avance sur Volkswagen en pr\u00e9sentant sa version sportive de la compacte \u00e9lectrique Born, alors qu\u2019on attend toujours l\u2019ID.3 GTX, annonc\u00e9e depuis 2022\u2026&#8230; <a class=\"continue-reading-link\" href=\"https:\/\/www.evearly.news\/fr\/cupra-born-vz-la-version-sportive-de-la-compacte-electrique-devoilee-avant-lid-3-gtx\/\"><\/a><\/p>\n","protected":false},"author":9,"featured_media":275078,"comment_status":"closed","ping_status":"open","sticky":false,"template":"Default","format":"standard","meta":{"footnotes":""},"categories":[10],"tags":[],"class_list":["post-275077","post","type-post","status-publish","format-standard","has-post-thumbnail","hentry","category-auto-moto-com"],"_links":{"self":[{"href":"https:\/\/www.evearly.news\/fr\/wp-json\/wp\/v2\/posts\/275077","targetHints":{"allow":["GET"]}}],"collection":[{"href":"https:\/\/www.evearly.news\/fr\/wp-json\/wp\/v2\/posts"}],"about":[{"href":"https:\/\/www.evearly.news\/fr\/wp-json\/wp\/v2\/types\/post"}],"author":[{"embeddable":true,"href":"https:\/\/www.evearly.news\/fr\/wp-json\/wp\/v2\/users\/9"}],"replies":[{"embeddable":true,"href":"https:\/\/www.evearly.news\/fr\/wp-json\/wp\/v2\/comments?post=275077"}],"version-history":[{"count":0,"href":"https:\/\/www.evearly.news\/fr\/wp-json\/wp\/v2\/posts\/275077\/revisions"}],"wp:featuredmedia":[{"embeddable":true,"href":"https:\/\/www.evearly.news\/fr\/wp-json\/wp\/v2\/media\/275078"}],"wp:attachment":[{"href":"https:\/\/www.evearly.news\/fr\/wp-json\/wp\/v2\/media?parent=275077"}],"wp:term":[{"taxonomy":"category","embeddable":true,"href":"https:\/\/www.evearly.news\/fr\/wp-json\/wp\/v2\/categories?post=275077"},{"taxonomy":"post_tag","embeddable":true,"href":"https:\/\/www.evearly.news\/fr\/wp-json\/wp\/v2\/tags?post=275077"}],"curies":[{"name":"wp","href":"https:\/\/api.w.org\/{rel}","templated":true}]}}